{"id":120774,"date":"2021-07-07T11:53:48","date_gmt":"2021-07-07T15:53:48","guid":{"rendered":"https:\/\/linitiative.ca\/International\/navigation-aerienne-une-mission-de-lasecna-annoncee-au-cameroun\/"},"modified":"2021-07-07T11:53:48","modified_gmt":"2021-07-07T15:53:48","slug":"navigation-aerienne-une-mission-de-lasecna-annoncee-au-cameroun","status":"publish","type":"post","link":"https:\/\/linitiative.ca\/International\/navigation-aerienne-une-mission-de-lasecna-annoncee-au-cameroun\/","title":{"rendered":"Navigation a\u00e9rienne : une mission de l\u2019Asecna annonc\u00e9e au Cameroun"},"content":{"rendered":"<div>\n<p>D\u2019apr\u00e8s ses textes, la mission de l\u2019Asecna est de fournir les services de navigation a\u00e9rienne dans l\u2019espace a\u00e9rien africain de ses \u00c9tats membres. L\u2019Asecna assure de ce fait, le service d\u2019information de vol et le contr\u00f4le en route, ainsi que le contr\u00f4le d\u2019approche et d\u2019a\u00e9rodrome sur les principaux terrains d\u2019aviation. Pourtant, l\u2019organisme inter-Etat ne s\u2019est encore prononc\u00e9 sur l\u2019incident technique intervenu le 23 juin 2021, provoquant une perturbation des vols \u00e0 destination et en provenance de Douala. Fournisseur de tous les services techniques de la navigation a\u00e9rienne au Cameroun, l\u2019Asecna est partiellement responsable de l\u2019incident de l\u2019a\u00e9roport international de Douala. C\u2019est certainement ce qui justifie l\u2019arriv\u00e9e imminente d\u2019une mission de cet organisme au Cameroun. De bonnes sources, les experts techniques et ing\u00e9nieurs a\u00e9ronautiques de l\u2019Asecna d\u00e9barqueront \u00e0 l\u2019a\u00e9roport international de Douala dans la premi\u00e8re quinzaine de ce mois de juin 2021. \u00abIl s\u2019agit pour cette mission de constater les raisons de l\u2019incident, trouver les solutions\u00bb, indique notre source.<\/p>\n<p><strong>Lire aussi<\/strong> : <strong><a href=\"https:\/\/ecomatin.net\/aeroport-de-douala-le-systeme-de-balisage-autonome-hors-service-depuis-mois\/\">A\u00e9roport international de Douala : le syst\u00e8me de balisage autonome hors-service depuis 8 mois<\/a><\/strong><\/p>\n<p>L\u2019Asecna devra ainsi passer au peigne fin les syst\u00e8mes de balisage lumineux de piste et des aides lumineux de l\u2019a\u00e9roport international de Douala, prendre langue avec les autorit\u00e9s administratives du Cameroun, ainsi que les responsables des A\u00e9roports du Cameroun (ADC S.A), et ceux de l\u2019Autorit\u00e9 a\u00e9ronautique civile du Cameroun. Une s\u00e9ance de travail \u00e0 huis clos est \u00e9galement pr\u00e9vue avec les responsables de sa repr\u00e9sentation locale du Cameroun. \u00abLe Cameroun n\u2019est pas \u00e0 l\u2019abri d\u2019\u00e9ventuelles sanctions. Il s\u2019agit d\u2019un dossier sensible car le Cameroun s\u2019appr\u00eate \u00e0 recevoir de nombreuses d\u00e9l\u00e9gations dans le cadre de la coupe d\u2019Afrique des nations\u00bb, explique la source contact\u00e9e proche de l\u2019Asecna. D\u2019apr\u00e8s cette derni\u00e8re, et malgr\u00e9 l\u2019imminence de cette mission, \u00abl\u2019Asecna a failli \u00e0 ses missions au m\u00eame titre que les ADC et la Ccaa. Faut-il attendre un autre incident ou un accident plus grave avant que les autorit\u00e9s administratives de notre pays ne r\u00e9agissent ? \u00bb, s\u2019interroge-t-elle.<\/p>\n<p><strong>Lire aussi<\/strong> : <strong><a href=\"https:\/\/ecomatin.net\/amenagement-urbain-les-populations-riveraines-a-laeroport-de-douala-deguerpies\/\">Am\u00e9nagement urbain : les populations riveraines \u00e0 l\u2019a\u00e9roport de Douala d\u00e9guerpies<\/a><\/strong><\/p>\n<p>L\u2019a\u00e9roport international de Douala n\u2019est par ailleurs pas \u00e0 l\u2019abri d\u2019une sanction \u00e9ventuelle de l\u2019Oaci, Organisation de l\u2019aviation civile internationale. Signataire de la Convention de Chicago relative \u00e0 l\u2019aviation civile internationale, le Cameroun est assujetti au respect des principes \u00e9nonc\u00e9s dans le cadre r\u00e9glementaire de ce r\u00e9gulateur mondial de l\u2019aviation civile. A travers son pr\u00e9ambule, la Convention de Chicago de 1944 attribue le r\u00f4le d\u2019organisation \u00e9conomique des services a\u00e9riens \u00e0 l\u2019Oaci, sur la base de l\u2019\u00e9galit\u00e9 des chances. L\u2019organisme Onusien est \u00e9galement charg\u00e9 de veiller \u00e0 la s\u00e9curit\u00e9, la capacit\u00e9 et l\u2019efficacit\u00e9 de la navigation a\u00e9rienne, la suret\u00e9 et facilitation, le d\u00e9veloppement \u00e9conomique du transport a\u00e9rien, et la protection de l\u2019environnement. L\u2019a\u00e9roport international de Douala tombe malheureusement sous le coup d\u2019une \u00e9valuation approfondie apr\u00e8s l\u2019incident technique du 23 juin 2021.<\/p>\n<p><strong>Lire aussi<\/strong> : <strong><a href=\"https:\/\/ecomatin.net\/le-nigerien-mohamed-moussa-briguera-un-deuxieme-mandat-la-tete-de-lasecna\/\">Le Nig\u00e9rien Mohamed Moussa briguera un deuxi\u00e8me mandat la t\u00eate de l\u2019Asecna<\/a><\/strong><\/p>\n<p>L\u2019article <a rel=\"nofollow\" href=\"https:\/\/ecomatin.net\/navigationn-aeriennee-une-missionn-de-lasecna-annoncee-au-cameroun\/\">Navigation a\u00e9rienne : une mission de l\u2019Asecna annonc\u00e9e au Cameroun<\/a> est apparu en premier sur <a rel=\"nofollow\" href=\"https:\/\/ecomatin.net\/\">EcoMatin<\/a>.<\/p>\n<\/div>\n<p>Auteur: Georges Semey<br \/>\n<a href=\"https:\/\/ecomatin.net\/navigationn-aeriennee-une-missionn-de-lasecna-annoncee-au-cameroun\/\">Cliquez ici pour lire l&rsquo;article depuis sa source.<\/a><\/p>\n","protected":false},"excerpt":{"rendered":"<p>D\u2019apr\u00e8s ses textes, la mission de l\u2019Asecna est de fournir les services de navigation a\u00e9rienne dans l\u2019espace a\u00e9rien africain de ses \u00c9tats membres. L\u2019Asecna assure de ce fait, le service d\u2019information de vol et le contr\u00f4le en route, ainsi que le contr\u00f4le d\u2019approche et d\u2019a\u00e9rodrome sur les principaux terrains d\u2019aviation. Pourtant, l\u2019organisme inter-Etat ne s\u2019est [&hellip;]<\/p>\n","protected":false},"author":1969,"featured_media":0,"comment_status":"closed","ping_status":"closed","sticky":false,"template":"","format":"standard","meta":{"fifu_image_url":"","fifu_image_alt":"","footnotes":""},"categories":[82,78],"tags":[],"class_list":["post-120774","post","type-post","status-publish","format-standard","hentry","category-cameroun","category-economie"],"_links":{"self":[{"href":"https:\/\/linitiative.ca\/International\/wp-json\/wp\/v2\/posts\/120774","targetHints":{"allow":["GET"]}}],"collection":[{"href":"https:\/\/linitiative.ca\/International\/wp-json\/wp\/v2\/posts"}],"about":[{"href":"https:\/\/linitiative.ca\/International\/wp-json\/wp\/v2\/types\/post"}],"author":[{"embeddable":true,"href":"https:\/\/linitiative.ca\/International\/wp-json\/wp\/v2\/users\/1969"}],"replies":[{"embeddable":true,"href":"https:\/\/linitiative.ca\/International\/wp-json\/wp\/v2\/comments?post=120774"}],"version-history":[{"count":0,"href":"https:\/\/linitiative.ca\/International\/wp-json\/wp\/v2\/posts\/120774\/revisions"}],"wp:attachment":[{"href":"https:\/\/linitiative.ca\/International\/wp-json\/wp\/v2\/media?parent=120774"}],"wp:term":[{"taxonomy":"category","embeddable":true,"href":"https:\/\/linitiative.ca\/International\/wp-json\/wp\/v2\/categories?post=120774"},{"taxonomy":"post_tag","embeddable":true,"href":"https:\/\/linitiative.ca\/International\/wp-json\/wp\/v2\/tags?post=120774"}],"curies":[{"name":"wp","href":"https:\/\/api.w.org\/{rel}","templated":true}]}}