{"id":120776,"date":"2021-07-07T15:06:05","date_gmt":"2021-07-07T19:06:05","guid":{"rendered":"https:\/\/linitiative.ca\/International\/covid-19-12-000-doses-de-vaccins-a-administrer-dans-la-region-de-lest\/"},"modified":"2021-07-07T15:06:05","modified_gmt":"2021-07-07T19:06:05","slug":"covid-19-12-000-doses-de-vaccins-a-administrer-dans-la-region-de-lest","status":"publish","type":"post","link":"https:\/\/linitiative.ca\/International\/covid-19-12-000-doses-de-vaccins-a-administrer-dans-la-region-de-lest\/","title":{"rendered":"Covid-19 : 12 000 doses de vaccins \u00e0 administrer dans la r\u00e9gion de l\u2019Est"},"content":{"rendered":"<div>\n<p>Mardi 06 juillet 2021, au cours d\u2019une r\u00e9union de plaidoyer aupr\u00e8s des autorit\u00e9s administratives, les leaders communautaires et religieux dans les services du gouverneur de l\u2019Est, il a \u00e9t\u00e9 constat\u00e9 que depuis le lancement de la campagne de vaccination contre le Covid-19 au mois d\u2019avril, seulement 4000 personnes ont volontairement pris le vaccin contre cette maladie. Un taux tr\u00e8s bas comparativement \u00e0 la population cible de l\u2019Est. D\u00e9j\u00e0 sur la vingtaine de journalistes convi\u00e9s pour une r\u00e9union d\u2019information sur l\u2019intensification de la communication sur le m\u00eame sujet \u00e0 la d\u00e9l\u00e9gation r\u00e9gionale de la Sant\u00e9 publique le 02 juillet 2021, il a \u00e9galement \u00e9t\u00e9 constat\u00e9 qu\u2019un seul homme de m\u00e9dia avait effectivement et volontairement pris son vaccin. Situation embarrassante pour Dr Anicet D\u00e9sir\u00e9 Mintop, d\u00e9l\u00e9gu\u00e9 r\u00e9gional de la Sant\u00e9 publique qui pr\u00e9sidait la rencontre.\u00a0\u00ab\u00a0Comment ceux qui ne sont pas vaccin\u00e9s peuvent convaincre les populations \u00e0 se faire vacciner volontairement\u00a0\u00bb,\u00a0s\u2019interroge-t-il.<\/p>\n<p>Pourtant, sur la situation \u00e9pid\u00e9miologique pr\u00e9sent\u00e9e par le d\u00e9l\u00e9gu\u00e9 r\u00e9gional on retient qu\u2019\u00e0 date, l\u2019Est a enregistr\u00e9 120.000 tests, dont 4222 malades, 4131 gu\u00e9risons, 2 cas actifs et\u00a067 d\u00e9c\u00e8s. Pour renverser cette tendance, le d\u00e9l\u00e9gu\u00e9 r\u00e9gional de la Sant\u00e9 publique a invit\u00e9 les autorit\u00e9s administratives, religieuses et les leaders communautaires \u00e0 s\u2019impliquer activement dans la sensibilisation pour que du 7 au 11 juillet 2021, le maximum de la cible \u00e0 l\u2019Est soit vaccin\u00e9e. Au cours de la rencontre dans les services du gouverneur, Dr Christine Pouth, en charge du programme \u00e9largi de vaccination (PEV) a r\u00e9v\u00e9l\u00e9 que 12.000 vaccins sont disponibles pour la population cible pendant cette campagne d\u2019intensification. En plus, indique-t-elle, le vaccin sera administr\u00e9 dans 240 formations sanitaires de la r\u00e9gion de l\u2019Est. Elle a \u00e9galement rappel\u00e9 que le vaccin n\u2019emp\u00eache pas la nouvelle contamination mais \u00e9vite les formes graves du Covid et les d\u00e9c\u00e8s.<\/p>\n<p><strong>Martin Foula<\/strong><\/p>\n<p>L\u2019article <a rel=\"nofollow\" href=\"https:\/\/ecomatin.net\/covid-19-12-000-doses-de-vaccins-a-administrer-dans-la-region-de-lest\/\">Covid-19 : 12 000 doses de vaccins \u00e0 administrer dans la r\u00e9gion de l\u2019Est<\/a> est apparu en premier sur <a rel=\"nofollow\" href=\"https:\/\/ecomatin.net\/\">EcoMatin<\/a>.<\/p>\n<\/div>\n<p>Auteur: EcoMatin<br \/>\n<a href=\"https:\/\/ecomatin.net\/covid-19-12-000-doses-de-vaccins-a-administrer-dans-la-region-de-lest\/\">Cliquez ici pour lire l&rsquo;article depuis sa source.<\/a><\/p>\n","protected":false},"excerpt":{"rendered":"<p>Mardi 06 juillet 2021, au cours d\u2019une r\u00e9union de plaidoyer aupr\u00e8s des autorit\u00e9s administratives, les leaders communautaires et religieux dans les services du gouverneur de l\u2019Est, il a \u00e9t\u00e9 constat\u00e9 que depuis le lancement de la campagne de vaccination contre le Covid-19 au mois d\u2019avril, seulement 4000 personnes ont volontairement pris le vaccin contre cette [&hellip;]<\/p>\n","protected":false},"author":1969,"featured_media":0,"comment_status":"closed","ping_status":"closed","sticky":false,"template":"","format":"standard","meta":{"fifu_image_url":"","fifu_image_alt":"","footnotes":""},"categories":[82,78],"tags":[],"class_list":["post-120776","post","type-post","status-publish","format-standard","hentry","category-cameroun","category-economie"],"_links":{"self":[{"href":"https:\/\/linitiative.ca\/International\/wp-json\/wp\/v2\/posts\/120776","targetHints":{"allow":["GET"]}}],"collection":[{"href":"https:\/\/linitiative.ca\/International\/wp-json\/wp\/v2\/posts"}],"about":[{"href":"https:\/\/linitiative.ca\/International\/wp-json\/wp\/v2\/types\/post"}],"author":[{"embeddable":true,"href":"https:\/\/linitiative.ca\/International\/wp-json\/wp\/v2\/users\/1969"}],"replies":[{"embeddable":true,"href":"https:\/\/linitiative.ca\/International\/wp-json\/wp\/v2\/comments?post=120776"}],"version-history":[{"count":0,"href":"https:\/\/linitiative.ca\/International\/wp-json\/wp\/v2\/posts\/120776\/revisions"}],"wp:attachment":[{"href":"https:\/\/linitiative.ca\/International\/wp-json\/wp\/v2\/media?parent=120776"}],"wp:term":[{"taxonomy":"category","embeddable":true,"href":"https:\/\/linitiative.ca\/International\/wp-json\/wp\/v2\/categories?post=120776"},{"taxonomy":"post_tag","embeddable":true,"href":"https:\/\/linitiative.ca\/International\/wp-json\/wp\/v2\/tags?post=120776"}],"curies":[{"name":"wp","href":"https:\/\/api.w.org\/{rel}","templated":true}]}}