{"id":120779,"date":"2021-07-08T09:45:24","date_gmt":"2021-07-08T13:45:24","guid":{"rendered":"https:\/\/linitiative.ca\/International\/des-journees-portes-ouvertes-au-profit-des-porteurs-de-projets-douazzane\/"},"modified":"2021-07-08T09:45:24","modified_gmt":"2021-07-08T13:45:24","slug":"des-journees-portes-ouvertes-au-profit-des-porteurs-de-projets-douazzane","status":"publish","type":"post","link":"https:\/\/linitiative.ca\/International\/des-journees-portes-ouvertes-au-profit-des-porteurs-de-projets-douazzane\/","title":{"rendered":"Des journ\u00e9es portes ouvertes au profit des porteurs de projets d\u2019Ouazzane"},"content":{"rendered":"<div>\n<p><img decoding=\"async\" width=\"300\" height=\"153\" src=\"https:\/\/linitiative.ca\/International\/wp-content\/uploads\/sites\/23\/2021\/07\/CRI-de-la-region-Tanger-Tetouan-Al-Hoceima-300x153-1.jpg\" class=\"attachment-medium size-medium wp-post-image\" alt=\"\" loading=\"lazy\" srcset=\"\/\/aujourdhui.ma\/wp-content\/uploads\/2021\/07\/CRI-de-la-region-Tanger-Tetouan-Al-Hoceima--300x153.jpg 300w, \/\/aujourdhui.ma\/wp-content\/uploads\/2021\/07\/CRI-de-la-region-Tanger-Tetouan-Al-Hoceima--274x140.jpg 274w, \/\/aujourdhui.ma\/wp-content\/uploads\/2021\/07\/CRI-de-la-region-Tanger-Tetouan-Al-Hoceima-.jpg 746w, \/\/aujourdhui.ma\/wp-content\/uploads\/2021\/07\/CRI-de-la-region-Tanger-Tetouan-Al-Hoceima--165x84.jpg 165w, \/\/aujourdhui.ma\/wp-content\/uploads\/2021\/07\/CRI-de-la-region-Tanger-Tetouan-Al-Hoceima--702x358.jpg 702w\" sizes=\"auto, (max-width: 300px) 100vw, 300px\"><\/p>\n<p><span style=\"color: #800000;\"><strong>Initi\u00e9es par le CRI Tanger-T\u00e9touan-Al Hoceima et l\u2019Anapec<\/strong><\/span><span id=\"more-381163\"><\/span><\/p>\n<p>Le Centre r\u00e9gional d\u2019investissement de Tanger-T\u00e9touan-Al Hoceima (CRI TTA) organise vendredi en partenariat avec l\u2019Agence nationale de promotion de l\u2019emploi et des comp\u00e9tences (ANAPEC) la sixi\u00e8me escale des journ\u00e9es portes ouvertes au profit des porteurs de projets dans la province d\u2019Ouazzane. Ayant pour th\u00e8me \u00abLa convergence des programmes d\u2019appui \u00e0 l\u2019entrepreneuriat, un levier d\u2019inclusion socio-\u00e9conomique des jeunes\u00bb, cette manifestation permettra aux jeunes porteurs de projets de la province d\u2019Ouazzane d\u2019\u00eatre en relation avec les diff\u00e9rents acteurs de l\u2019\u00e9cosyst\u00e8me entrepreneurial afin de b\u00e9n\u00e9ficier de l\u2019orientation et de l\u2019accompagnement ainsi que le contact direct avec les banques.<\/p>\n<p>L\u2019occasion \u00e9tant d\u2019\u00e9changer sur les possibilit\u00e9s de financement offertes par le Programme national int\u00e9gr\u00e9 d\u2019accompagnement et de financement des petites entreprises et porteurs de projets (PIAFE) pour pouvoir exploiter les opportunit\u00e9s d\u2019investissement offertes au niveau provincial d\u2019une part, et r\u00e9ussir l\u2019int\u00e9gration \u00e9conomique des jeunes d\u2019autre part. A cet effet, des espaces d\u00e9di\u00e9s pour l\u2019organisation des rencontres de B to B<br \/>\navec les jeunes seront mis \u00e0 la disposition des banques et des acteurs publics et associatifs de l\u2019\u00e9cosyst\u00e8me entrepreneurial. De m\u00eame, les organisateurs pr\u00e9voient l\u2019organisation d\u2019un s\u00e9minaire qui sera consacr\u00e9 aux r\u00f4les des acteurs de l\u2019\u00e9cosyst\u00e8me entrepreneurial dans l\u2019accompagnent des porteurs de projets. Ces journ\u00e9es portes ouvertes sont organis\u00e9es pour r\u00e9pondre aux Hautes Orientations Royales trac\u00e9es dans le discours du 11 octobre 2019 lors de l\u2019ouverture de la session parlementaire d\u2019automne ayant abouti \u00e0 la mise en place du programme national int\u00e9gr\u00e9 d\u2019accompagnement et de financement des petites entreprises et porteurs de projets (PIAFE). Un dispositif qui a ouvert la voie \u00e0 de nouvelles perspectives en mati\u00e8re de promotion des jeunes entrepreneurs.<\/p>\n<p>Ce programme vient s\u2019ajouter \u00e0 de multiples initiatives collectives telles que le programme 3 de la troisi\u00e8me phase de l\u2019INDH visant l\u2019am\u00e9lioration de la situation \u00e9conomique et sociale des populations d\u00e9favoris\u00e9es, notamment les jeunes, par l\u2019accompagnement \u00e0 l\u2019emploi, \u00e0 l\u2019entrepreneuriat ainsi qu\u2019\u00e0 l\u2019appui aux projets s\u2019inscrivant dans l\u2019\u00e9conomie sociale et solidaire.<\/p>\n<\/div>\n<p>Auteur: ALM<br \/>\n<a href=\"https:\/\/aujourdhui.ma\/economie\/des-journees-portes-ouvertes-au-profit-des-porteurs-de-projets-douazzane\">Cliquez ici pour lire l&rsquo;article depuis sa source.<\/a><\/p>\n","protected":false},"excerpt":{"rendered":"<p>Initi\u00e9es par le CRI Tanger-T\u00e9touan-Al Hoceima et l\u2019Anapec Le Centre r\u00e9gional d\u2019investissement de Tanger-T\u00e9touan-Al Hoceima (CRI TTA) organise vendredi en partenariat avec l\u2019Agence nationale de promotion de l\u2019emploi et des comp\u00e9tences (ANAPEC) la sixi\u00e8me escale des journ\u00e9es portes ouvertes au profit des porteurs de projets dans la province d\u2019Ouazzane. Ayant pour th\u00e8me \u00abLa convergence des [&hellip;]<\/p>\n","protected":false},"author":1759,"featured_media":0,"comment_status":"closed","ping_status":"closed","sticky":false,"template":"","format":"standard","meta":{"fifu_image_url":"https:\/\/aujourdhui.ma\/wp-content\/uploads\/2021\/07\/CRI-de-la-region-Tanger-Tetouan-Al-Hoceima--300x153.jpg","fifu_image_alt":"Des journ\u00e9es portes ouvertes au profit des porteurs de projets d\u2019Ouazzane","footnotes":""},"categories":[73,54],"tags":[],"class_list":["post-120779","post","type-post","status-publish","format-standard","hentry","category-actualite","category-maroc"],"_links":{"self":[{"href":"https:\/\/linitiative.ca\/International\/wp-json\/wp\/v2\/posts\/120779","targetHints":{"allow":["GET"]}}],"collection":[{"href":"https:\/\/linitiative.ca\/International\/wp-json\/wp\/v2\/posts"}],"about":[{"href":"https:\/\/linitiative.ca\/International\/wp-json\/wp\/v2\/types\/post"}],"author":[{"embeddable":true,"href":"https:\/\/linitiative.ca\/International\/wp-json\/wp\/v2\/users\/1759"}],"replies":[{"embeddable":true,"href":"https:\/\/linitiative.ca\/International\/wp-json\/wp\/v2\/comments?post=120779"}],"version-history":[{"count":0,"href":"https:\/\/linitiative.ca\/International\/wp-json\/wp\/v2\/posts\/120779\/revisions"}],"wp:attachment":[{"href":"https:\/\/linitiative.ca\/International\/wp-json\/wp\/v2\/media?parent=120779"}],"wp:term":[{"taxonomy":"category","embeddable":true,"href":"https:\/\/linitiative.ca\/International\/wp-json\/wp\/v2\/categories?post=120779"},{"taxonomy":"post_tag","embeddable":true,"href":"https:\/\/linitiative.ca\/International\/wp-json\/wp\/v2\/tags?post=120779"}],"curies":[{"name":"wp","href":"https:\/\/api.w.org\/{rel}","templated":true}]}}