{"id":120783,"date":"2021-07-08T10:32:24","date_gmt":"2021-07-08T14:32:24","guid":{"rendered":"https:\/\/linitiative.ca\/International\/covid-19-prolongation-de-letat-durgence-sanitaire-jusquau-10-aout-2021\/"},"modified":"2021-07-08T10:32:24","modified_gmt":"2021-07-08T14:32:24","slug":"covid-19-prolongation-de-letat-durgence-sanitaire-jusquau-10-aout-2021","status":"publish","type":"post","link":"https:\/\/linitiative.ca\/International\/covid-19-prolongation-de-letat-durgence-sanitaire-jusquau-10-aout-2021\/","title":{"rendered":"Covid-19: prolongation de l\u2019\u00e9tat d\u2019urgence sanitaire jusqu\u2019au 10 ao\u00fbt 2021"},"content":{"rendered":"<div>\n<p><img decoding=\"async\" width=\"300\" height=\"153\" src=\"https:\/\/linitiative.ca\/International\/wp-content\/uploads\/sites\/23\/2021\/07\/Coronavirus-Covid-19-Police-etat-durgence-sanitaire-confinement-300x153-1.jpg\" class=\"attachment-medium size-medium wp-post-image\" alt=\"\" loading=\"lazy\" srcset=\"\/\/aujourdhui.ma\/wp-content\/uploads\/2020\/09\/Coronavirus-Covid-19-Police-etat-durgence-sanitaire-confinement-300x153.jpg 300w, \/\/aujourdhui.ma\/wp-content\/uploads\/2020\/09\/Coronavirus-Covid-19-Police-etat-durgence-sanitaire-confinement-274x140.jpg 274w, \/\/aujourdhui.ma\/wp-content\/uploads\/2020\/09\/Coronavirus-Covid-19-Police-etat-durgence-sanitaire-confinement.jpg 746w, \/\/aujourdhui.ma\/wp-content\/uploads\/2020\/09\/Coronavirus-Covid-19-Police-etat-durgence-sanitaire-confinement-165x84.jpg 165w, \/\/aujourdhui.ma\/wp-content\/uploads\/2020\/09\/Coronavirus-Covid-19-Police-etat-durgence-sanitaire-confinement-702x358.jpg 702w\" sizes=\"auto, (max-width: 300px) 100vw, 300px\"><\/p>\n<div>Le Conseil de gouvernement, r\u00e9uni jeudi \u00e0 Rabat, a d\u00e9cid\u00e9 de prolonger l\u2019\u00e9tat d\u2019urgence sanitaire sur l\u2019ensemble du territoire national jusqu\u2019au 10 ao\u00fbt 2021, et ce dans le cadre des efforts de lutte contre la propagation de la pand\u00e9mie du nouveau coronavirus (Covid-19).<\/div>\n<div><\/div>\n<\/div>\n<p>Auteur: ALM<br \/>\n<a href=\"https:\/\/aujourdhui.ma\/actualite\/covid-19-prolongation-de-letat-durgence-sanitaire-jusquau-10-aout-2021\">Cliquez ici pour lire l&rsquo;article depuis sa source.<\/a><\/p>\n","protected":false},"excerpt":{"rendered":"<p>Le Conseil de gouvernement, r\u00e9uni jeudi \u00e0 Rabat, a d\u00e9cid\u00e9 de prolonger l\u2019\u00e9tat d\u2019urgence sanitaire sur l\u2019ensemble du territoire national jusqu\u2019au 10 ao\u00fbt 2021, et ce dans le cadre des efforts de lutte contre la propagation de la pand\u00e9mie du nouveau coronavirus (Covid-19). Auteur: ALM Cliquez ici pour lire l&rsquo;article depuis sa source.<\/p>\n","protected":false},"author":1759,"featured_media":0,"comment_status":"closed","ping_status":"closed","sticky":false,"template":"","format":"standard","meta":{"fifu_image_url":"https:\/\/aujourdhui.ma\/wp-content\/uploads\/2020\/09\/Coronavirus-Covid-19-Police-etat-durgence-sanitaire-confinement-300x153.jpg","fifu_image_alt":"Covid-19: prolongation de l\u2019\u00e9tat d\u2019urgence sanitaire jusqu\u2019au 10 ao\u00fbt 2021","footnotes":""},"categories":[73,54],"tags":[],"class_list":["post-120783","post","type-post","status-publish","format-standard","hentry","category-actualite","category-maroc"],"_links":{"self":[{"href":"https:\/\/linitiative.ca\/International\/wp-json\/wp\/v2\/posts\/120783","targetHints":{"allow":["GET"]}}],"collection":[{"href":"https:\/\/linitiative.ca\/International\/wp-json\/wp\/v2\/posts"}],"about":[{"href":"https:\/\/linitiative.ca\/International\/wp-json\/wp\/v2\/types\/post"}],"author":[{"embeddable":true,"href":"https:\/\/linitiative.ca\/International\/wp-json\/wp\/v2\/users\/1759"}],"replies":[{"embeddable":true,"href":"https:\/\/linitiative.ca\/International\/wp-json\/wp\/v2\/comments?post=120783"}],"version-history":[{"count":0,"href":"https:\/\/linitiative.ca\/International\/wp-json\/wp\/v2\/posts\/120783\/revisions"}],"wp:attachment":[{"href":"https:\/\/linitiative.ca\/International\/wp-json\/wp\/v2\/media?parent=120783"}],"wp:term":[{"taxonomy":"category","embeddable":true,"href":"https:\/\/linitiative.ca\/International\/wp-json\/wp\/v2\/categories?post=120783"},{"taxonomy":"post_tag","embeddable":true,"href":"https:\/\/linitiative.ca\/International\/wp-json\/wp\/v2\/tags?post=120783"}],"curies":[{"name":"wp","href":"https:\/\/api.w.org\/{rel}","templated":true}]}}