{"id":120785,"date":"2021-07-08T11:08:11","date_gmt":"2021-07-08T15:08:11","guid":{"rendered":"https:\/\/linitiative.ca\/International\/covid-19-maroc-la-situation-epidemiologique-au-8-juillet-2021-a-16h00\/"},"modified":"2021-07-08T11:08:11","modified_gmt":"2021-07-08T15:08:11","slug":"covid-19-maroc-la-situation-epidemiologique-au-8-juillet-2021-a-16h00","status":"publish","type":"post","link":"https:\/\/linitiative.ca\/International\/covid-19-maroc-la-situation-epidemiologique-au-8-juillet-2021-a-16h00\/","title":{"rendered":"Covid-19 \/ Maroc : La situation \u00e9pid\u00e9miologique au 8 juillet 2021 \u00e0 16H00"},"content":{"rendered":"<div>\n<p><img decoding=\"async\" width=\"300\" height=\"153\" src=\"https:\/\/linitiative.ca\/International\/wp-content\/uploads\/sites\/23\/2021\/07\/Vaccin-Astrazeneca-1-300x153-1.jpg\" class=\"attachment-medium size-medium wp-post-image\" alt=\"\" loading=\"lazy\" srcset=\"\/\/aujourdhui.ma\/wp-content\/uploads\/2021\/03\/Vaccin-Astrazeneca-1-300x153.jpg 300w, \/\/aujourdhui.ma\/wp-content\/uploads\/2021\/03\/Vaccin-Astrazeneca-1-274x140.jpg 274w, \/\/aujourdhui.ma\/wp-content\/uploads\/2021\/03\/Vaccin-Astrazeneca-1.jpg 746w, \/\/aujourdhui.ma\/wp-content\/uploads\/2021\/03\/Vaccin-Astrazeneca-1-165x84.jpg 165w, \/\/aujourdhui.ma\/wp-content\/uploads\/2021\/03\/Vaccin-Astrazeneca-1-702x358.jpg 702w\" sizes=\"auto, (max-width: 300px) 100vw, 300px\"><\/p>\n<p><span style=\"font-size: 20px; color: #800000;\"><strong>Entre hier \u00e0 16H00 et aujourd\u2019hui \u00e0 16H00<\/strong><\/span><\/p>\n<p>1336 nouveaux cas soit un cumul de 538.589 cas \u00e0 ce jour.<br \/>\n706 gu\u00e9risons soit un cumul de 522.377 \u00e0 ce jour.<br \/>\n5\u00a0 nouveaux d\u00e9c\u00e8s donc un cumul de 9.346\u00a0 \u00e0 ce jour.<span id=\"more-381068\"><\/span><\/p>\n<p><span style=\"color: #ff0000;\"><strong>Nombre de personnes vaccin\u00e9es au 8\u00a0 Juillet 16H00<\/strong><\/span><\/p>\n<p>1\u00e8re dose<\/p>\n<p><span style=\"color: #ff0000;\"><strong>10.317.807<\/strong><\/span><\/p>\n<p>2\u00e8me dose<\/p>\n<p><span style=\"color: #ff0000;\"><strong>9.213.535<\/strong><\/span><\/p>\n<p><a href=\"https:\/\/linitiative.ca\/International\/wp-content\/uploads\/sites\/23\/2021\/07\/Coronavirus-08072021_page-0001.jpg\"><img decoding=\"async\" loading=\"lazy\" class=\"aligncenter size-full wp-image-381186\" src=\"https:\/\/linitiative.ca\/International\/wp-content\/uploads\/sites\/23\/2021\/07\/Coronavirus-08072021_page-0001.jpg\" alt=\"\" width=\"1241\" height=\"1754\" srcset=\"\/\/aujourdhui.ma\/wp-content\/uploads\/2021\/07\/Coronavirus-08072021_page-0001.jpg 1241w, \/\/aujourdhui.ma\/wp-content\/uploads\/2021\/07\/Coronavirus-08072021_page-0001-212x300.jpg 212w, \/\/aujourdhui.ma\/wp-content\/uploads\/2021\/07\/Coronavirus-08072021_page-0001-725x1024.jpg 725w, \/\/aujourdhui.ma\/wp-content\/uploads\/2021\/07\/Coronavirus-08072021_page-0001-768x1085.jpg 768w, \/\/aujourdhui.ma\/wp-content\/uploads\/2021\/07\/Coronavirus-08072021_page-0001-1087x1536.jpg 1087w\" sizes=\"auto, (max-width: 1241px) 100vw, 1241px\"><\/a> <a href=\"https:\/\/linitiative.ca\/International\/wp-content\/uploads\/sites\/23\/2021\/07\/Coronavirus-08072021_page-0002.jpg\"><img decoding=\"async\" loading=\"lazy\" class=\"aligncenter size-full wp-image-381187\" src=\"https:\/\/linitiative.ca\/International\/wp-content\/uploads\/sites\/23\/2021\/07\/Coronavirus-08072021_page-0002.jpg\" alt=\"\" width=\"1241\" height=\"1754\" srcset=\"\/\/aujourdhui.ma\/wp-content\/uploads\/2021\/07\/Coronavirus-08072021_page-0002.jpg 1241w, \/\/aujourdhui.ma\/wp-content\/uploads\/2021\/07\/Coronavirus-08072021_page-0002-212x300.jpg 212w, \/\/aujourdhui.ma\/wp-content\/uploads\/2021\/07\/Coronavirus-08072021_page-0002-725x1024.jpg 725w, \/\/aujourdhui.ma\/wp-content\/uploads\/2021\/07\/Coronavirus-08072021_page-0002-768x1085.jpg 768w, \/\/aujourdhui.ma\/wp-content\/uploads\/2021\/07\/Coronavirus-08072021_page-0002-1087x1536.jpg 1087w\" sizes=\"auto, (max-width: 1241px) 100vw, 1241px\"><\/a> <a href=\"https:\/\/linitiative.ca\/International\/wp-content\/uploads\/sites\/23\/2021\/07\/Coronavirus-08072021_page-0003.jpg\"><img decoding=\"async\" loading=\"lazy\" class=\"aligncenter size-full wp-image-381188\" src=\"https:\/\/linitiative.ca\/International\/wp-content\/uploads\/sites\/23\/2021\/07\/Coronavirus-08072021_page-0003.jpg\" alt=\"\" width=\"1241\" height=\"1754\" srcset=\"\/\/aujourdhui.ma\/wp-content\/uploads\/2021\/07\/Coronavirus-08072021_page-0003.jpg 1241w, \/\/aujourdhui.ma\/wp-content\/uploads\/2021\/07\/Coronavirus-08072021_page-0003-212x300.jpg 212w, \/\/aujourdhui.ma\/wp-content\/uploads\/2021\/07\/Coronavirus-08072021_page-0003-725x1024.jpg 725w, \/\/aujourdhui.ma\/wp-content\/uploads\/2021\/07\/Coronavirus-08072021_page-0003-768x1085.jpg 768w, \/\/aujourdhui.ma\/wp-content\/uploads\/2021\/07\/Coronavirus-08072021_page-0003-1087x1536.jpg 1087w\" sizes=\"auto, (max-width: 1241px) 100vw, 1241px\"><\/a> <a href=\"https:\/\/linitiative.ca\/International\/wp-content\/uploads\/sites\/23\/2021\/07\/Coronavirus-08072021_page-0004.jpg\"><img decoding=\"async\" loading=\"lazy\" class=\"aligncenter size-full wp-image-381189\" src=\"https:\/\/linitiative.ca\/International\/wp-content\/uploads\/sites\/23\/2021\/07\/Coronavirus-08072021_page-0004.jpg\" alt=\"\" width=\"1241\" height=\"1754\" srcset=\"\/\/aujourdhui.ma\/wp-content\/uploads\/2021\/07\/Coronavirus-08072021_page-0004.jpg 1241w, \/\/aujourdhui.ma\/wp-content\/uploads\/2021\/07\/Coronavirus-08072021_page-0004-212x300.jpg 212w, \/\/aujourdhui.ma\/wp-content\/uploads\/2021\/07\/Coronavirus-08072021_page-0004-725x1024.jpg 725w, \/\/aujourdhui.ma\/wp-content\/uploads\/2021\/07\/Coronavirus-08072021_page-0004-768x1085.jpg 768w, \/\/aujourdhui.ma\/wp-content\/uploads\/2021\/07\/Coronavirus-08072021_page-0004-1087x1536.jpg 1087w\" sizes=\"auto, (max-width: 1241px) 100vw, 1241px\"><\/a><\/p>\n<\/div>\n<p>Auteur: ALM<br \/>\n<a href=\"https:\/\/aujourdhui.ma\/societe\/covid-19-maroc-la-situation-epidemiologique-au-8-juillet-2021-a-16h00\">Cliquez ici pour lire l&rsquo;article depuis sa source.<\/a><\/p>\n","protected":false},"excerpt":{"rendered":"<p>Entre hier \u00e0 16H00 et aujourd\u2019hui \u00e0 16H00 1336 nouveaux cas soit un cumul de 538.589 cas \u00e0 ce jour. 706 gu\u00e9risons soit un cumul de 522.377 \u00e0 ce jour. 5\u00a0 nouveaux d\u00e9c\u00e8s donc un cumul de 9.346\u00a0 \u00e0 ce jour. Nombre de personnes vaccin\u00e9es au 8\u00a0 Juillet 16H00 1\u00e8re dose 10.317.807 2\u00e8me dose 9.213.535 [&hellip;]<\/p>\n","protected":false},"author":1759,"featured_media":0,"comment_status":"closed","ping_status":"closed","sticky":false,"template":"","format":"standard","meta":{"fifu_image_url":"https:\/\/aujourdhui.ma\/wp-content\/uploads\/2021\/03\/Vaccin-Astrazeneca-1-300x153.jpg","fifu_image_alt":"Covid-19 \/ Maroc : La situation \u00e9pid\u00e9miologique au 8 juillet 2021 \u00e0 16H00","footnotes":""},"categories":[73,54],"tags":[],"class_list":["post-120785","post","type-post","status-publish","format-standard","hentry","category-actualite","category-maroc"],"_links":{"self":[{"href":"https:\/\/linitiative.ca\/International\/wp-json\/wp\/v2\/posts\/120785","targetHints":{"allow":["GET"]}}],"collection":[{"href":"https:\/\/linitiative.ca\/International\/wp-json\/wp\/v2\/posts"}],"about":[{"href":"https:\/\/linitiative.ca\/International\/wp-json\/wp\/v2\/types\/post"}],"author":[{"embeddable":true,"href":"https:\/\/linitiative.ca\/International\/wp-json\/wp\/v2\/users\/1759"}],"replies":[{"embeddable":true,"href":"https:\/\/linitiative.ca\/International\/wp-json\/wp\/v2\/comments?post=120785"}],"version-history":[{"count":0,"href":"https:\/\/linitiative.ca\/International\/wp-json\/wp\/v2\/posts\/120785\/revisions"}],"wp:attachment":[{"href":"https:\/\/linitiative.ca\/International\/wp-json\/wp\/v2\/media?parent=120785"}],"wp:term":[{"taxonomy":"category","embeddable":true,"href":"https:\/\/linitiative.ca\/International\/wp-json\/wp\/v2\/categories?post=120785"},{"taxonomy":"post_tag","embeddable":true,"href":"https:\/\/linitiative.ca\/International\/wp-json\/wp\/v2\/tags?post=120785"}],"curies":[{"name":"wp","href":"https:\/\/api.w.org\/{rel}","templated":true}]}}