{"id":120791,"date":"2021-07-07T14:00:00","date_gmt":"2021-07-07T18:00:00","guid":{"rendered":"https:\/\/linitiative.ca\/International\/serie-dentretiens-avec-les-responsables-marocains\/"},"modified":"2021-07-07T14:00:00","modified_gmt":"2021-07-07T18:00:00","slug":"serie-dentretiens-avec-les-responsables-marocains","status":"publish","type":"post","link":"https:\/\/linitiative.ca\/International\/serie-dentretiens-avec-les-responsables-marocains\/","title":{"rendered":"S\u00e9rie d\u2019entretiens avec les responsables marocains"},"content":{"rendered":"<div>\n<p class=\"has-text-align-center has-vivid-red-color has-text-color\"><strong>Une d\u00e9l\u00e9gation de l\u2019Assembl\u00e9e nationale mauritanienne en visite \u00e0 Rabat<\/strong><\/p>\n<p class=\"has-black-color has-text-color\"><strong>Le Chef du gouvernement, Saad Dine El Otmani, a re\u00e7u, lundi \u00e0 Rabat, une d\u00e9l\u00e9gation du Bureau de la Commission des relations ext\u00e9rieures de l\u2019Assembl\u00e9e nationale mauritanienne, men\u00e9e par son pr\u00e9sident Mohamed El Mostapha Mohamed Lemine Zeidane. La m\u00eame d\u00e9l\u00e9gation avait \u00e9t\u00e9 re\u00e7ue, auparavant, par le pr\u00e9sident de la Chambre des Repr\u00e9sentants, Habib El Malki, et puis, mardi, par le ministre des Affaires \u00e9trang\u00e8res, de la Coop\u00e9ration africaine et des Marocains r\u00e9sidant \u00e0 l\u2019\u00e9tranger, Nasser Bourita.<\/strong><\/p>\n<p class=\"has-black-color has-text-color\">La rencontre avec \u00a0Saad Dine\u00a0 El Othmani a \u00e9t\u00e9 l\u2019occasion de mettre en avant les liens historiques entre le Royaume et la Mauritanie et les relations de fraternit\u00e9 liant les deux peuples, qui constituent un pilier essentiel pour booster la coop\u00e9ration bilat\u00e9rale et le partenariat maroco-mauritanien dans plusieurs domaines, a indiqu\u00e9 mardi un communiqu\u00e9 du D\u00e9partement du chef du gouvernement.<\/p>\n<p class=\"has-black-color has-text-color\">Le Chef du gouvernement a r\u00e9affirm\u00e9 la volont\u00e9 du Maroc de renforcer les relations de bon voisinage et de coop\u00e9ration avec la Mauritanie ainsi que la coordination entre les deux pays en vue de faire face aux d\u00e9fis communs dans les domaines de d\u00e9veloppement, de l\u2019\u00e9conomie et de la s\u00e9curit\u00e9.<\/p>\n<p class=\"has-black-color has-text-color\">De m\u00eame, M. El Otmani a soulign\u00e9 la disposition du Royaume \u00e0 partager avec les pays africains fr\u00e8res les exp\u00e9riences r\u00e9ussies et accumul\u00e9es dans les diff\u00e9rents domaines de d\u00e9veloppement \u00e9conomique et social, relevant que le Maroc \u0153uvre pour l\u2019accompagnement et le soutien du d\u00e9veloppement dans le continent \u00e0 travers nombre de projets et d\u2019investissements.<\/p>\n<p class=\"has-black-color has-text-color\">Pour sa part, le pr\u00e9sident de la commission, en visite au Royaume dans le but de promouvoir les relations de partenariat et de coop\u00e9ration entre les deux pays, a exprim\u00e9 la grande estime de son pays envers le Maroc, notant que la Mauritanie aspire \u00e0 consolider les relations de coop\u00e9ration et de partenariat dans les domaines vitaux en particulier, notamment l\u2019agriculture, la p\u00eache maritime et la formation des comp\u00e9tences.<\/p>\n<p class=\"has-black-color has-text-color\">Ont pris part \u00e0 cette rencontre le vice-pr\u00e9sident de la Commission des relations ext\u00e9rieures de l\u2019Assembl\u00e9e nationale mauritanienne et des membres de son bureau.<\/p>\n<p class=\"has-black-color has-text-color\">Avec Habi El Malki, les entretiens ont port\u00e9 sur les moyens de renforcer les relations de coop\u00e9ration entre les deux institutions l\u00e9gislatives.<\/p>\n<p class=\"has-black-color has-text-color\">Les relations fraternelles entre le Maroc et la Mauritanie reposent sur des bases solides fond\u00e9es sur une histoire commune, ainsi que sur l\u2019unit\u00e9 de la religion, de la langue et de la civilisation, a affirm\u00e9 M. El Malki, selon un communiqu\u00e9 de la Chambre des repr\u00e9sentants, expliquant que les deux pays sont anim\u00e9s d\u2019un d\u00e9sir sinc\u00e8re pour une coop\u00e9ration fructueuse, tout en rappelant l\u2019entretien t\u00e9l\u00e9phonique entre SM le Roi Mohammed VI et Son Excellence Mohamed Ould Cheikh El Ghazouani, Pr\u00e9sident de la R\u00e9publique Islamique de Mauritanie.<\/p>\n<p class=\"has-black-color has-text-color\">Sur le plan parlementaire, M. El Malki a propos\u00e9 une institutionnalisation des relations entre les deux institutions l\u00e9gislatives, \u00e0 travers la signature dans les plus brefs d\u00e9lais d\u2019un m\u00e9morandum d\u2019entente, exprimant, \u00e0 cet \u00e9gard, sa forte volont\u00e9 de renforcer les liens de rapprochement et de coop\u00e9ration avec l\u2019Assembl\u00e9e nationale mauritanienne pour servir les int\u00e9r\u00eats communs des deux pays et de leurs peuples. De son c\u00f4t\u00e9, le Pr\u00e9sident de la Commission des relations ext\u00e9rieures de l\u2019Assembl\u00e9e nationale mauritanienne a expliqu\u00e9 que sa visite dans le Royaume, \u00e0 la t\u00eate d\u2019une d\u00e9l\u00e9gation parlementaire, s\u2019inscrit dans le cadre de la consolidation des relations de coop\u00e9ration entre les deux institutions l\u00e9gislatives et le renforcement de l\u2019\u00e9change bilat\u00e9rale d\u2019exp\u00e9riences et d\u2019expertises, saluant la \u00ab\u00a0renaissance d\u00e9veloppementale que conna\u00eet le Maroc dans divers domaines\u00a0\u00bb.<\/p>\n<p class=\"has-black-color has-text-color\">M. Mohamed El Mostapha Mohamed Lemine Zeidane a mis l\u2019accent sur l\u2019importance des investissements marocains en Afrique, appelant \u00e0 davantage d\u2019investissements marocains en Mauritanie et au renforcement des \u00e9changes \u00e9conomiques et commerciaux entre les deux pays.<\/p>\n<p class=\"has-black-color has-text-color\">\u00c0 cet \u00e9gard, le responsable mauritanien a mis en avant les relations bilat\u00e9rales \u00ab\u00a0solides et historiques\u00a0\u00bb, soulignant l\u2019imp\u00e9ratif de \u00ab\u00a0les pr\u00e9server et de les renforcer davantage\u00a0\u00bb. Il a \u00e9galement mis l\u2019accent sur l\u2019importance de b\u00e9n\u00e9ficier de l\u2019exp\u00e9rience marocaine dans le domaine de la formation des jeunes et dans les secteurs de l\u2019agriculture et de la p\u00eache, entre autres, saluant, \u00e0 cette occasion, les efforts d\u00e9ploy\u00e9s par le Maroc dans la r\u00e9solution de la crise libyenne et le rapprochement des points de vues des diff\u00e9rents intervenants.<\/p>\n<p class=\"has-black-color has-text-color\">Avec Nasser Bourita, l\u2019entretien a port\u00e9 sur les moyens de promouvoir les relations bilat\u00e9rales et de hisser le partenariat entre les deux pays<\/p>\n<p class=\"has-black-color has-text-color\">Dans une d\u00e9claration \u00e0 la presse \u00e0 l\u2019issue de ces entretiens, le parlementaire mauritanien a indiqu\u00e9 que la rencontre a \u00e9t\u00e9 marqu\u00e9e de succ\u00e8s, faisant \u00e9tat de la pleine disposition de M. Bourita \u00e0 \u00ab\u00a0consolider les relations bilat\u00e9rales de sorte qu\u2019elles soient productives et utiles pour les peuples des deux pays fr\u00e8res\u00a0\u00bb.<\/p>\n<p class=\"has-black-color has-text-color\">M. Lemine Zeidane est en visite au Maroc \u00e0 la t\u00eate d\u2019une d\u00e9l\u00e9gation qui comprend le vice-pr\u00e9sident du bureau de la Commission des relations ext\u00e9rieures, Taleb Moustapha Mohamed Lemine Sidi Abdella, et plusieurs membres du bureau.<\/p>\n<p>L\u2019article <a rel=\"nofollow\" href=\"http:\/\/albayane.press.ma\/serie-dentretiens-avec-les-responsables-marocains.html\">S\u00e9rie d\u2019entretiens avec les responsables marocains<\/a> est apparu en premier sur <a rel=\"nofollow\" href=\"http:\/\/albayane.press.ma\/\">ALBAYANE<\/a>.<\/p>\n<\/div>\n<p>Auteur: M&rsquo;hammed rahal<br \/>\n<a href=\"http:\/\/albayane.press.ma\/serie-dentretiens-avec-les-responsables-marocains.html\">Cliquez ici pour lire l&rsquo;article depuis sa source.<\/a><\/p>\n","protected":false},"excerpt":{"rendered":"<p>Une d\u00e9l\u00e9gation de l\u2019Assembl\u00e9e nationale mauritanienne en visite \u00e0 Rabat Le Chef du gouvernement, Saad Dine El Otmani, a re\u00e7u, lundi \u00e0 Rabat, une d\u00e9l\u00e9gation du Bureau de la Commission des relations ext\u00e9rieures de l\u2019Assembl\u00e9e nationale mauritanienne, men\u00e9e par son pr\u00e9sident Mohamed El Mostapha Mohamed Lemine Zeidane. La m\u00eame d\u00e9l\u00e9gation avait \u00e9t\u00e9 re\u00e7ue, auparavant, par [&hellip;]<\/p>\n","protected":false},"author":1760,"featured_media":0,"comment_status":"closed","ping_status":"closed","sticky":false,"template":"","format":"standard","meta":{"fifu_image_url":"","fifu_image_alt":"","footnotes":""},"categories":[73,54],"tags":[],"class_list":["post-120791","post","type-post","status-publish","format-standard","hentry","category-actualite","category-maroc"],"_links":{"self":[{"href":"https:\/\/linitiative.ca\/International\/wp-json\/wp\/v2\/posts\/120791","targetHints":{"allow":["GET"]}}],"collection":[{"href":"https:\/\/linitiative.ca\/International\/wp-json\/wp\/v2\/posts"}],"about":[{"href":"https:\/\/linitiative.ca\/International\/wp-json\/wp\/v2\/types\/post"}],"author":[{"embeddable":true,"href":"https:\/\/linitiative.ca\/International\/wp-json\/wp\/v2\/users\/1760"}],"replies":[{"embeddable":true,"href":"https:\/\/linitiative.ca\/International\/wp-json\/wp\/v2\/comments?post=120791"}],"version-history":[{"count":0,"href":"https:\/\/linitiative.ca\/International\/wp-json\/wp\/v2\/posts\/120791\/revisions"}],"wp:attachment":[{"href":"https:\/\/linitiative.ca\/International\/wp-json\/wp\/v2\/media?parent=120791"}],"wp:term":[{"taxonomy":"category","embeddable":true,"href":"https:\/\/linitiative.ca\/International\/wp-json\/wp\/v2\/categories?post=120791"},{"taxonomy":"post_tag","embeddable":true,"href":"https:\/\/linitiative.ca\/International\/wp-json\/wp\/v2\/tags?post=120791"}],"curies":[{"name":"wp","href":"https:\/\/api.w.org\/{rel}","templated":true}]}}