{"id":120794,"date":"2021-07-07T14:00:00","date_gmt":"2021-07-07T18:00:00","guid":{"rendered":"https:\/\/linitiative.ca\/International\/un-lateral-tres-convoite\/"},"modified":"2021-07-07T14:00:00","modified_gmt":"2021-07-07T18:00:00","slug":"un-lateral-tres-convoite","status":"publish","type":"post","link":"https:\/\/linitiative.ca\/International\/un-lateral-tres-convoite\/","title":{"rendered":"Un lat\u00e9ral tr\u00e8s convoit\u00e9"},"content":{"rendered":"<div>\n<p class=\"has-black-color has-text-color\"><strong>L\u2019international marocain Achraf Hakimi, lat\u00e9ral polyvalent de l\u2019Inter Milan, qui a sign\u00e9 au Paris SG jusqu\u2019en 2026 pour un montant estim\u00e9 par la presse \u00e0 environ 60 M EUR, est l\u2019un des joueurs les plus convoit\u00e9s du mercato d\u2019\u00e9t\u00e9 pour<\/strong><\/p>\n<p class=\"has-black-color has-text-color\">Le prometteur lat\u00e9ral ou ailier droit (22 ans), form\u00e9 au Real Madrid, a \u00e9t\u00e9 sacr\u00e9 champion d\u2019Italie en mai avec l\u2019Inter avant de rejoindre le PSG, qui frappe un joli coup sur le march\u00e9 des transferts en attendant les \u00e9ventuels recrutements du d\u00e9fenseur Sergio Ramos ou du gardien Gianluigi Donnarumma.<\/p>\n<p class=\"has-black-color has-text-color\">Hakimi a explos\u00e9 au plus haut niveau ces derni\u00e8res saisons au Borussia Dortmund puis \u00e0 l\u2019Inter Milan, o\u00f9 il a \u00e9t\u00e9 sacr\u00e9 champion d\u2019Italie en mai, brillant par ses qualit\u00e9s de centre et de contre-attaquant.<\/p>\n<p class=\"has-black-color has-text-color\">L\u2019international marocain (31 s\u00e9lections, 2 buts), transfert phare de l\u2019\u00e9t\u00e9 dernier \u00e0 l\u2019Inter (40 millions d\u2019euros), vient renforcer l\u2019arri\u00e8re-garde de l\u2019\u00e9quipe parisienne o\u00f9 l\u2019Italien Alessandro Florenzi n\u2019a pas su s\u2019imposer.<br \/>A l\u2019Inter Milan, Hakimi a mis quelques mois pour trouver ses marques dans une \u00e9quipe moins offensive que Dortmund o\u00f9 il avait \u00e9t\u00e9 pr\u00eat\u00e9 par le Real Madrid entre 2018 et 2020. Le Real l\u2019avait recrut\u00e9 \u00e0 l\u2019\u00e2ge de 16 ans pour ses \u00e9quipes de jeunes.<\/p>\n<p class=\"has-black-color has-text-color\">Mais l\u2019Inter a rapidement pu compter \u00e0 son tour sur ses acc\u00e9l\u00e9rations d\u00e9vastatrices \u00e0 droite et sur sa qualit\u00e9 de centre. Il est une redoutable fl\u00e8che en contre et a marqu\u00e9 7 buts et offert 8 passes d\u00e9cisives en Serie A.<\/p>\n<p class=\"has-black-color has-text-color\">A 22 ans, Hakimi a tout pour devenir l\u2019un des meilleurs d\u2019Europe \u00e0 ce poste de piston droit. Malgr\u00e9 son jeune \u00e2ge, il dispose d\u00e9j\u00e0 d\u2019un bon bagage en C1 avec 20 matches disput\u00e9s (dont 18 comme titulaire). Il avait notamment disput\u00e9 les huiti\u00e8mes de finale aller contre le PSG (2-1, 0-2) avec le Borussia lors de la saison 2019\/20.<\/p>\n<p class=\"has-black-color has-text-color\">La vente d\u2019Achraf Hakimi r\u00e9pond principalement \u00e0 l\u2019exigence du propri\u00e9taire de l\u2019Inter, le groupe chinois Suning, de r\u00e9duire le train de vie du club, durement touch\u00e9 par la crise du coronavirus.<\/p>\n<p class=\"has-black-color has-text-color\">Ce redimensionnement \u00e9conomique \u2013 baisse de la masse salariale et plus-values sont les objectifs du mercato estival \u2013 a notamment entra\u00een\u00e9 le d\u00e9part de l\u2019entra\u00eeneur Antonio Conte, remplac\u00e9 sur le banc par Simone Inzaghi.<br \/>Selon la presse italienne, l\u2019Inter pourrait obtenir quelque 60 \u00e0 70 M EUR (bonus compris) pour la vente du marocain, natif de Madrid.<\/p>\n<p class=\"has-black-color has-text-color\">Ce transfert payant intervient alors que Paris s\u2019active par ailleurs sur plusieurs dossiers de joueurs en fin de contrat: apr\u00e8s le recrutement du milieu n\u00e9erlandais Georginio Wijnaldum, le PSG semble int\u00e9ress\u00e9 par l\u2019exp\u00e9riment\u00e9 d\u00e9fenseur espagnol Sergio Ramos, libre depuis son d\u00e9part du Real Madrid, ainsi que par le gardien de la s\u00e9lection italienne Gianluigi Donnarumma.<\/p>\n<p class=\"has-black-color has-text-color\">S\u2019il se concr\u00e9tise, cet impressionnant recrutement pourrait donner des arguments au club pour tenter de retenir sa superstar Kylian Mbapp\u00e9, qui n\u2019a toujours pas prolong\u00e9 son contrat s\u2019achevant en 2022 et para\u00eet vouloir obtenir des garanties concernant la comp\u00e9titivit\u00e9 de l\u2019effectif parisien.<\/p>\n<p class=\"has-black-color has-text-color\">\u00ab\u00a0La signature d\u2019un joueur de la trempe de Hakimi montre le niveau de nos ambitions \u2013 nous continuons de construire quelque chose de sp\u00e9cial\u00a0\u00bb, a d\u00e9clar\u00e9 le pr\u00e9sident parisien Nasser Al-Khela\u00effi, cit\u00e9 dans le communiqu\u00e9 du club.<\/p>\n<p>L\u2019article <a rel=\"nofollow\" href=\"http:\/\/albayane.press.ma\/un-lateral-tres-convoite.html\">Un lat\u00e9ral tr\u00e8s convoit\u00e9<\/a> est apparu en premier sur <a rel=\"nofollow\" href=\"http:\/\/albayane.press.ma\/\">ALBAYANE<\/a>.<\/p>\n<\/div>\n<p>Auteur: M&rsquo;hammed rahal<br \/>\n<a href=\"http:\/\/albayane.press.ma\/un-lateral-tres-convoite.html\">Cliquez ici pour lire l&rsquo;article depuis sa source.<\/a><\/p>\n","protected":false},"excerpt":{"rendered":"<p>L\u2019international marocain Achraf Hakimi, lat\u00e9ral polyvalent de l\u2019Inter Milan, qui a sign\u00e9 au Paris SG jusqu\u2019en 2026 pour un montant estim\u00e9 par la presse \u00e0 environ 60 M EUR, est l\u2019un des joueurs les plus convoit\u00e9s du mercato d\u2019\u00e9t\u00e9 pour Le prometteur lat\u00e9ral ou ailier droit (22 ans), form\u00e9 au Real Madrid, a \u00e9t\u00e9 sacr\u00e9 [&hellip;]<\/p>\n","protected":false},"author":1760,"featured_media":0,"comment_status":"closed","ping_status":"closed","sticky":false,"template":"","format":"standard","meta":{"fifu_image_url":"","fifu_image_alt":"","footnotes":""},"categories":[73,54],"tags":[],"class_list":["post-120794","post","type-post","status-publish","format-standard","hentry","category-actualite","category-maroc"],"_links":{"self":[{"href":"https:\/\/linitiative.ca\/International\/wp-json\/wp\/v2\/posts\/120794","targetHints":{"allow":["GET"]}}],"collection":[{"href":"https:\/\/linitiative.ca\/International\/wp-json\/wp\/v2\/posts"}],"about":[{"href":"https:\/\/linitiative.ca\/International\/wp-json\/wp\/v2\/types\/post"}],"author":[{"embeddable":true,"href":"https:\/\/linitiative.ca\/International\/wp-json\/wp\/v2\/users\/1760"}],"replies":[{"embeddable":true,"href":"https:\/\/linitiative.ca\/International\/wp-json\/wp\/v2\/comments?post=120794"}],"version-history":[{"count":0,"href":"https:\/\/linitiative.ca\/International\/wp-json\/wp\/v2\/posts\/120794\/revisions"}],"wp:attachment":[{"href":"https:\/\/linitiative.ca\/International\/wp-json\/wp\/v2\/media?parent=120794"}],"wp:term":[{"taxonomy":"category","embeddable":true,"href":"https:\/\/linitiative.ca\/International\/wp-json\/wp\/v2\/categories?post=120794"},{"taxonomy":"post_tag","embeddable":true,"href":"https:\/\/linitiative.ca\/International\/wp-json\/wp\/v2\/tags?post=120794"}],"curies":[{"name":"wp","href":"https:\/\/api.w.org\/{rel}","templated":true}]}}