{"id":120795,"date":"2021-07-07T14:00:00","date_gmt":"2021-07-07T18:00:00","guid":{"rendered":"https:\/\/linitiative.ca\/International\/huis-clos-pour-le-quinzieme-point\/"},"modified":"2021-07-07T14:00:00","modified_gmt":"2021-07-07T18:00:00","slug":"huis-clos-pour-le-quinzieme-point","status":"publish","type":"post","link":"https:\/\/linitiative.ca\/International\/huis-clos-pour-le-quinzieme-point\/","title":{"rendered":"Huis clos pour le quinzi\u00e8me point ?"},"content":{"rendered":"<div>\n<p class=\"has-black-color has-text-color\"><strong>Cela s\u2019est pass\u00e9 en Ivry-sur-Seine. Une ville en Ile de France qui constituait, avec d\u2019autres cit\u00e9s, ce qu\u2019\u00e9tait \u00ab\u00a0la ceinture rouge\u00a0\u00bb de Paris depuis les d\u00e9cennies quarante du si\u00e8cle dernier.De cette \u00e9poque, maintenant r\u00e9volue, elle restel\u2019une de ces municipalit\u00e9s \u00ab\u00a0rouges\u00a0\u00bb encore gard\u00e9e malgr\u00e9 l\u2019effritement \u00e9lectoral du PCF partout ailleurs.<\/strong><\/p>\n<p class=\"has-black-color has-text-color\">Le conseil municipal se r\u00e9unit. La session est publique et un journaliste demande l\u2019autorisation d\u2019y assister pour couvrir les d\u00e9bats. Il est autoris\u00e9 \u00e0 le faire\u00a0; jusqu\u2019au moment o\u00f9 le maire, inform\u00e9 de la pr\u00e9sence d\u2019un cordon d\u2019ivryen(ne)s\u00e0 l\u2019ext\u00e9rieur, demande \u00ab\u00a0le huis clos et la protection polici\u00e8re\u00a0\u00bb. De sa chaise, il sentait \u00ab\u00a0la pression\u00a0\u00bb du dehors, dit-il, et ne pouvait aborder \u00ab\u00a0librement\u00a0\u00bb le quinzi\u00e8me point de l\u2019ordre du jour : d\u00e9lib\u00e9rer de l\u2019octroi de six mille euros aux d\u00e9tenus des camps de la honte \u00e0 Tindouf\u00a0!<\/p>\n<p class=\"has-black-color has-text-color\">Les paroles excessives et d\u00e9plac\u00e9es du maire, ses \u00e9crits \u00e0 travers les r\u00e9seaux sociaux, ont interpell\u00e9 nos compatriotes ivryens. Il faut dire que ces derniers sont toujours, \u00e0 l\u2019instar des Marocain(e)s du Monde, l\u00e0 o\u00f9 ils se trouvent et \u00e0 tout moment, vigilants sur toute action pouvant porter pr\u00e9judice \u00e0 la cause nationale de l\u2019ensemble du peuple marocain.<\/p>\n<p class=\"has-black-color has-text-color\">Les mesures provocatrices des \u00e9lus du PCF ne sont pas nouvelles. Les salafistes de la place du Colonel Fabien s\u2019enferment dans l\u2019incompr\u00e9hension totale des luttes du peuple marocain pour l\u2019int\u00e9grit\u00e9 territoriale, la d\u00e9mocratie et le bien\u00eatre. Sous l\u2019emprise totale du voisin alg\u00e9rien, ils pratiquent l\u2019amalgame, la confusion et le mensonge chaque fois qu\u2019il s\u2019agit du Royaume du Maroc et deses nobles causes.<\/p>\n<p class=\"has-black-color has-text-color\">Sans rappeler l\u2019ensemble des arguments historiques, juridiques, g\u00e9opolitiques, sociaux et \u00e9conomiques pour d\u00e9montrer les droits inali\u00e9nables du peuple marocain, relev\u00e9s en leur temps par des membres du PCF eux-m\u00eames, la r\u00e9alit\u00e9 \u00e9clatante confirme et consolide l\u2019int\u00e9grit\u00e9 des provinces du Sud au sein du territoire marocain\u00a0; de son plateau continental et de sa zone \u00e9conomique exclusive.<\/p>\n<p class=\"has-black-color has-text-color\">A ceux qui se cachent derri\u00e8re les causes humanitaires de militer v\u00e9ritablement pour la r\u00e9solution pacifique du conflit artificiel foment\u00e9 par les gouvernants alg\u00e9riens pour disposer d\u2019un acc\u00e8s sur l\u2019Atlantique. Qu\u2019ils agissent pour que le recensement des d\u00e9tenus de Tindouf soit effectu\u00e9. Qu\u2019ils mettent la pression n\u00e9cessaire pour que cette population enferm\u00e9e et recluse se prononce clairement sur son retour \u00e0 la m\u00e8re patrie au lieu d\u2019encourager le pouvoir militaire alg\u00e9rien \u00e0 les maintenir dans l\u2019isolement et le besoin pour servir ses desseins expansionnistes. Que les salafistes de la place du Colonel Fabien se pr\u00e9occupe des relations du terrorisme et des brigands de toute sorte avec les \u00e9l\u00e9ments s\u00e9paratistes soumis \u00e0 l\u2019illusion alg\u00e9rienne. Qu\u2019ils s\u2019interrogent sur la destin\u00e9e de l\u2019aide humanitaire que re\u00e7oit \u00ab\u00a0l\u2019Algersario\u00a0\u00bb.Qu\u2019ils reconnaissent le m\u00e9fait du colonialisme, fran\u00e7ais et espagnol, dans la division du Maroc en plusieurs zones d\u2019\u2019occupation. Qu\u2019ils accordent leur int\u00e9r\u00eat \u00e0 la mise en \u0153uvre des r\u00e9solutions des Nations Unies et de son Conseil de s\u00e9curit\u00e9 qui pr\u00f4nent le r\u00e9alisme \u00ab\u00a0loin des positions fig\u00e9es, dogmatiques et irr\u00e9alisables.\u00a0\u00bb.<\/p>\n<p class=\"has-black-color has-text-color\">Le Royaume du Maroc d\u00e9veloppe son action pour acc\u00e9der \u00e0 l\u2019\u00e9mergence \u00e9conomique et \u00e0 une vie d\u00e9mocratique pleine et enti\u00e8re concernant sa population. Il se confirme en tant que puissance r\u00e9gionale malgr\u00e9 les man\u0153uvres de ses adversaires qui se d\u00e9couvrent sans foi ni loi.Il a toujours montr\u00e9 sa bonne volont\u00e9, depuis fort longtemps, pour d\u00e9passer la situation conflictuelle en proposant un cadre pour le r\u00e8glement d\u00e9finitif et durable du diff\u00e9rend avec l\u2019Alg\u00e9rie qui permet de \u00ab\u00a0concilier entre les pr\u00e9rogatives de la souverainet\u00e9 du Maroc sur son territoire et le droit des populations concern\u00e9es de g\u00e9rer, du fait de leur sp\u00e9cificit\u00e9, leurs propres affaires locales au travers d\u2019institutions \u00e9lues d\u00e9mocratiquement. \u00bb. A bon entendeur, qu\u2019il soit \u00e0 Ivry-sur Seine ou ailleurs, de savoir que le Royaume du Maroc s\u2019est inscrit dans une dynamique positive et constructive, en proposant \u00ab\u00a0une initiative pour la n\u00e9gociation d\u2019un statut d\u2019autonomie de la r\u00e9gion du Sahara, dans le cadre de la souverainet\u00e9 du Royaume et de son unit\u00e9 nationale.\u00a0\u00bb. Que ses adversaires osent s\u2019y inscrire pour la paix et le d\u00e9veloppement de la r\u00e9gion\u00a0; pour une r\u00e9gionalisation avanc\u00e9e dans les pays du Grand Maghreb et la r\u00e9alisation effective de ce dernier. Au Maroc, le processus est d\u00e9j\u00e0 entam\u00e9 sur l\u2019ensemble de son territoire. Salam.<\/p>\n<p>L\u2019article <a rel=\"nofollow\" href=\"http:\/\/albayane.press.ma\/huis-clos-pour-le-quinzieme-point.html\">Huis clos pour le quinzi\u00e8me point ?<\/a> est apparu en premier sur <a rel=\"nofollow\" href=\"http:\/\/albayane.press.ma\/\">ALBAYANE<\/a>.<\/p>\n<\/div>\n<p>Auteur: M&rsquo;hammed rahal<br \/>\n<a href=\"http:\/\/albayane.press.ma\/huis-clos-pour-le-quinzieme-point.html\">Cliquez ici pour lire l&rsquo;article depuis sa source.<\/a><\/p>\n","protected":false},"excerpt":{"rendered":"<p>Cela s\u2019est pass\u00e9 en Ivry-sur-Seine. Une ville en Ile de France qui constituait, avec d\u2019autres cit\u00e9s, ce qu\u2019\u00e9tait \u00ab\u00a0la ceinture rouge\u00a0\u00bb de Paris depuis les d\u00e9cennies quarante du si\u00e8cle dernier.De cette \u00e9poque, maintenant r\u00e9volue, elle restel\u2019une de ces municipalit\u00e9s \u00ab\u00a0rouges\u00a0\u00bb encore gard\u00e9e malgr\u00e9 l\u2019effritement \u00e9lectoral du PCF partout ailleurs. Le conseil municipal se r\u00e9unit. La [&hellip;]<\/p>\n","protected":false},"author":1760,"featured_media":0,"comment_status":"closed","ping_status":"closed","sticky":false,"template":"","format":"standard","meta":{"fifu_image_url":"","fifu_image_alt":"","footnotes":""},"categories":[73,54],"tags":[],"class_list":["post-120795","post","type-post","status-publish","format-standard","hentry","category-actualite","category-maroc"],"_links":{"self":[{"href":"https:\/\/linitiative.ca\/International\/wp-json\/wp\/v2\/posts\/120795","targetHints":{"allow":["GET"]}}],"collection":[{"href":"https:\/\/linitiative.ca\/International\/wp-json\/wp\/v2\/posts"}],"about":[{"href":"https:\/\/linitiative.ca\/International\/wp-json\/wp\/v2\/types\/post"}],"author":[{"embeddable":true,"href":"https:\/\/linitiative.ca\/International\/wp-json\/wp\/v2\/users\/1760"}],"replies":[{"embeddable":true,"href":"https:\/\/linitiative.ca\/International\/wp-json\/wp\/v2\/comments?post=120795"}],"version-history":[{"count":0,"href":"https:\/\/linitiative.ca\/International\/wp-json\/wp\/v2\/posts\/120795\/revisions"}],"wp:attachment":[{"href":"https:\/\/linitiative.ca\/International\/wp-json\/wp\/v2\/media?parent=120795"}],"wp:term":[{"taxonomy":"category","embeddable":true,"href":"https:\/\/linitiative.ca\/International\/wp-json\/wp\/v2\/categories?post=120795"},{"taxonomy":"post_tag","embeddable":true,"href":"https:\/\/linitiative.ca\/International\/wp-json\/wp\/v2\/tags?post=120795"}],"curies":[{"name":"wp","href":"https:\/\/api.w.org\/{rel}","templated":true}]}}