{"id":120797,"date":"2021-07-08T06:37:12","date_gmt":"2021-07-08T10:37:12","guid":{"rendered":"https:\/\/linitiative.ca\/International\/bizerte-les-deplacements-vers-ghar-el-melh-ras-jebel-et-sejnane-interdits-ce-weekend\/"},"modified":"2021-07-08T06:37:12","modified_gmt":"2021-07-08T10:37:12","slug":"bizerte-les-deplacements-vers-ghar-el-melh-ras-jebel-et-sejnane-interdits-ce-weekend","status":"publish","type":"post","link":"https:\/\/linitiative.ca\/International\/bizerte-les-deplacements-vers-ghar-el-melh-ras-jebel-et-sejnane-interdits-ce-weekend\/","title":{"rendered":"Bizerte : Les d\u00e9placements vers Ghar El Melh, Ras Jebel et Sejnane interdits ce weekend"},"content":{"rendered":"<div>\n<section class=\"entry-content clearfix\">Le comit\u00e9 r\u00e9gional de lutte contre les catastrophes naturelles de Bizerte a d\u00e9cid\u00e9 d\u2019interdire les d\u00e9placements vers les d\u00e9l\u00e9gations de Ghar El Melh, Ras jebel et Sejnane les 10 et 11 juillet 2021, et ce en pr\u00e9vention contre la propagation du Coronavirus.<\/p>\n<p>Les voyages organis\u00e9es \u00e0 des fins de loisir, de camping et d\u2019acc\u00e8s \u00e0 la plage sur toute la bande c\u00f4ti\u00e8re de la r\u00e9gion seront \u00e9galement interdits.<\/p>\n<p>Dans une d\u00e9claration \u00e0 l\u2019Agence TAP, le gouverneur de Bizerte, Mohamed Gouider a indiqu\u00e9 que cette d\u00e9cision a \u00e9t\u00e9 prise en coordination avec les autorit\u00e9s locales et s\u00e9curitaires, apr\u00e8s que des violations constat\u00e9es au cours des semaines pr\u00e9c\u00e9dentes.<\/p>\n<p>Le comit\u00e9 a \u00e9galement d\u00e9cid\u00e9 de maintenir les dispositions du confinement sanitaire impos\u00e9 dans les autres d\u00e9l\u00e9gations du gouvernorat ainsi que de mener une campagne de st\u00e9rilisation g\u00e9n\u00e9rale.<\/p>\n<\/section>\n<p>The post <a href=\"https:\/\/lexpertjournal.net\/fr\/?p=20705\">Bizerte : Les d\u00e9placements vers Ghar El Melh, Ras Jebel et Sejnane interdits ce weekend<\/a> first appeared on <a href=\"https:\/\/lexpertjournal.net\/fr\">L&rsquo;Expert Journal<\/a>.<\/p>\n<\/div>\n<p>Auteur: L&rsquo;expert<br \/>\n<a href=\"https:\/\/lexpertjournal.net\/fr\/?p=20705\">Cliquez ici pour lire l&rsquo;article depuis sa source.<\/a><\/p>\n","protected":false},"excerpt":{"rendered":"<p>Le comit\u00e9 r\u00e9gional de lutte contre les catastrophes naturelles de Bizerte a d\u00e9cid\u00e9 d\u2019interdire les d\u00e9placements vers les d\u00e9l\u00e9gations de Ghar El Melh, Ras jebel et Sejnane les 10 et 11 juillet 2021, et ce en pr\u00e9vention contre la propagation du Coronavirus. Les voyages organis\u00e9es \u00e0 des fins de loisir, de camping et d\u2019acc\u00e8s \u00e0 [&hellip;]<\/p>\n","protected":false},"author":1775,"featured_media":0,"comment_status":"closed","ping_status":"closed","sticky":false,"template":"","format":"standard","meta":{"fifu_image_url":"","fifu_image_alt":"","footnotes":""},"categories":[78,55],"tags":[],"class_list":["post-120797","post","type-post","status-publish","format-standard","hentry","category-economie","category-tunisie"],"_links":{"self":[{"href":"https:\/\/linitiative.ca\/International\/wp-json\/wp\/v2\/posts\/120797","targetHints":{"allow":["GET"]}}],"collection":[{"href":"https:\/\/linitiative.ca\/International\/wp-json\/wp\/v2\/posts"}],"about":[{"href":"https:\/\/linitiative.ca\/International\/wp-json\/wp\/v2\/types\/post"}],"author":[{"embeddable":true,"href":"https:\/\/linitiative.ca\/International\/wp-json\/wp\/v2\/users\/1775"}],"replies":[{"embeddable":true,"href":"https:\/\/linitiative.ca\/International\/wp-json\/wp\/v2\/comments?post=120797"}],"version-history":[{"count":0,"href":"https:\/\/linitiative.ca\/International\/wp-json\/wp\/v2\/posts\/120797\/revisions"}],"wp:attachment":[{"href":"https:\/\/linitiative.ca\/International\/wp-json\/wp\/v2\/media?parent=120797"}],"wp:term":[{"taxonomy":"category","embeddable":true,"href":"https:\/\/linitiative.ca\/International\/wp-json\/wp\/v2\/categories?post=120797"},{"taxonomy":"post_tag","embeddable":true,"href":"https:\/\/linitiative.ca\/International\/wp-json\/wp\/v2\/tags?post=120797"}],"curies":[{"name":"wp","href":"https:\/\/api.w.org\/{rel}","templated":true}]}}