{"id":120798,"date":"2021-07-08T07:35:37","date_gmt":"2021-07-08T11:35:37","guid":{"rendered":"https:\/\/linitiative.ca\/International\/lex-premier-ministre-manuel-valls-devient-chroniqueur-politique-sur-bfmtv-et-rmc\/"},"modified":"2021-07-08T07:35:37","modified_gmt":"2021-07-08T11:35:37","slug":"lex-premier-ministre-manuel-valls-devient-chroniqueur-politique-sur-bfmtv-et-rmc","status":"publish","type":"post","link":"https:\/\/linitiative.ca\/International\/lex-premier-ministre-manuel-valls-devient-chroniqueur-politique-sur-bfmtv-et-rmc\/","title":{"rendered":"L\u2019ex-Premier ministre Manuel Valls devient chroniqueur politique sur BFMTV et RMC"},"content":{"rendered":"<div>\n<p>Manuel Valls s\u2019offre un retour sur la sc\u00e8ne m\u00e9diatique fran\u00e7aise. L\u2019ancien Premier ministre de Fran\u00e7ois Hollande fait partie des nouvelles recrues de BFMTV pour la rentr\u00e9e 2021,\u00a0selon une information du\u00a0Parisien confirm\u00e9e \u00e0 franceinfo. Il\u00a0interviendra dans la nouvelle formule de l\u2019\u00e9mission \u00ab\u00a0BFM Story\u00a0\u00bb, qui sera\u00a0pr\u00e9sent\u00e9e d\u00e8s la rentr\u00e9e par Alain Marschall et Olivier Truchot. Une fois par semaine, \u00e0 18h30, il participera \u00e0 un d\u00e9bat face \u00e0 Alain Duhamel.<\/p>\n<p>Manuel Valls sera \u00e9galement \u00e0 l\u2019antenne, une fois par semaine, dans la matinale hebdomadaire d\u2019Apolline de Malherbe sur RMC, qui sera Co diffus\u00e9e sur RMC Story \u00e0 partir de la fin ao\u00fbt. Il sera notamment pr\u00e9sent dans un nouveau rendez-vous de d\u00e9bats. En vue de la pr\u00e9sidentielle de 2022, la cha\u00eene d\u2019information a aussi revu et corrig\u00e9 ses programmes, en remaniant ses avant-soir\u00e9es.<\/p>\n<p>En avril dernier, le\u00a0candidat malheureux \u00e0 la mairie de Barcelone pr\u00e9cisait\u00a0dans un\u00a0entretien au quotidien\u00a0La Montagne\u00a0vouloir \u00eatre utile\u00a0\u00ab\u00a0par le d\u00e9bat d\u2019id\u00e9es\u00a0\u00bb.\u00a0\u00ab\u00a0Je crains pour l\u2019avenir de mon pays, malgr\u00e9 tous ses atouts\u00a0\u00bb, avait-il affirm\u00e9.<\/p>\n<p>Source: franceinfo<\/p>\n<p>The post <a href=\"https:\/\/lexpertjournal.net\/fr\/?p=20708\">L\u2019ex-Premier ministre Manuel Valls devient chroniqueur politique sur BFMTV et RMC<\/a> first appeared on <a href=\"https:\/\/lexpertjournal.net\/fr\">L&rsquo;Expert Journal<\/a>.<\/p>\n<\/div>\n<p>Auteur: L&rsquo;expert<br \/>\n<a href=\"https:\/\/lexpertjournal.net\/fr\/?p=20708\">Cliquez ici pour lire l&rsquo;article depuis sa source.<\/a><\/p>\n","protected":false},"excerpt":{"rendered":"<p>Manuel Valls s\u2019offre un retour sur la sc\u00e8ne m\u00e9diatique fran\u00e7aise. L\u2019ancien Premier ministre de Fran\u00e7ois Hollande fait partie des nouvelles recrues de BFMTV pour la rentr\u00e9e 2021,\u00a0selon une information du\u00a0Parisien confirm\u00e9e \u00e0 franceinfo. Il\u00a0interviendra dans la nouvelle formule de l\u2019\u00e9mission \u00ab\u00a0BFM Story\u00a0\u00bb, qui sera\u00a0pr\u00e9sent\u00e9e d\u00e8s la rentr\u00e9e par Alain Marschall et Olivier Truchot. Une fois [&hellip;]<\/p>\n","protected":false},"author":1775,"featured_media":0,"comment_status":"closed","ping_status":"closed","sticky":false,"template":"","format":"standard","meta":{"fifu_image_url":"","fifu_image_alt":"","footnotes":""},"categories":[78,55],"tags":[],"class_list":["post-120798","post","type-post","status-publish","format-standard","hentry","category-economie","category-tunisie"],"_links":{"self":[{"href":"https:\/\/linitiative.ca\/International\/wp-json\/wp\/v2\/posts\/120798","targetHints":{"allow":["GET"]}}],"collection":[{"href":"https:\/\/linitiative.ca\/International\/wp-json\/wp\/v2\/posts"}],"about":[{"href":"https:\/\/linitiative.ca\/International\/wp-json\/wp\/v2\/types\/post"}],"author":[{"embeddable":true,"href":"https:\/\/linitiative.ca\/International\/wp-json\/wp\/v2\/users\/1775"}],"replies":[{"embeddable":true,"href":"https:\/\/linitiative.ca\/International\/wp-json\/wp\/v2\/comments?post=120798"}],"version-history":[{"count":0,"href":"https:\/\/linitiative.ca\/International\/wp-json\/wp\/v2\/posts\/120798\/revisions"}],"wp:attachment":[{"href":"https:\/\/linitiative.ca\/International\/wp-json\/wp\/v2\/media?parent=120798"}],"wp:term":[{"taxonomy":"category","embeddable":true,"href":"https:\/\/linitiative.ca\/International\/wp-json\/wp\/v2\/categories?post=120798"},{"taxonomy":"post_tag","embeddable":true,"href":"https:\/\/linitiative.ca\/International\/wp-json\/wp\/v2\/tags?post=120798"}],"curies":[{"name":"wp","href":"https:\/\/api.w.org\/{rel}","templated":true}]}}