{"id":120799,"date":"2021-07-08T07:59:34","date_gmt":"2021-07-08T11:59:34","guid":{"rendered":"https:\/\/linitiative.ca\/International\/cote-divoire-la-banque-africaine-de-developpement-va-soutenir-la-creation-de-chaines-de-valeur-agricoles-president-adesina\/"},"modified":"2021-07-08T07:59:34","modified_gmt":"2021-07-08T11:59:34","slug":"cote-divoire-la-banque-africaine-de-developpement-va-soutenir-la-creation-de-chaines-de-valeur-agricoles-president-adesina","status":"publish","type":"post","link":"https:\/\/linitiative.ca\/International\/cote-divoire-la-banque-africaine-de-developpement-va-soutenir-la-creation-de-chaines-de-valeur-agricoles-president-adesina\/","title":{"rendered":"C\u00f4te d\u2019Ivoire : la Banque africaine de d\u00e9veloppement va soutenir la cr\u00e9ation de cha\u00eenes de valeur agricoles \u2013 Pr\u00e9sident Adesina"},"content":{"rendered":"<div>\n<p><em><strong>Depuis 2015, la Banque africaine de d\u00e9veloppement, a multipli\u00e9 par quatre ses investissements en C\u00f4te d\u2019Ivoire pour porter son portefeuille \u00e0 2,7 milliards de dollars am\u00e9ricains<\/strong><\/em><\/p>\n<p><strong>ABIDJAN, C\u00f4te d\u2019Ivoire, 8 juillet 2021\/<\/strong> \u2014\u00a0La Banque africaine de d\u00e9veloppement (<a href=\"http:\/\/www.afdb.org\/\">www.AfDB.org<\/a>) va soutenir la C\u00f4te d\u2019Ivoire dans la cr\u00e9ation de cha\u00eenes de valeur agricoles afin de cr\u00e9er davantage d\u2019emplois et de rendre la croissance \u00e9conomique plus inclusive, a affirm\u00e9, mardi, le pr\u00e9sident de l\u2019institution, Dr Akinwumi A. Adesina.<\/p>\n<p>\u00ab\u00a0La Banque africaine de d\u00e9veloppement va accompagner le gouvernement ivoirien dans la cr\u00e9ation de cha\u00eenes de valeur agricoles pour la banane, la mangue, l\u2019huile de palme, l\u2019anacarde (ou noix de cajou), le caf\u00e9, le cacao\u2026 Il y aura des investissements pour transformer les zones rurales en zones de cr\u00e9ation de richesse\u00a0\u00bb pour les populations, a d\u00e9clar\u00e9 le pr\u00e9sident de la Banque au sortir d\u2019une audience avec le chef du gouvernement de la C\u00f4te d\u2019Ivoire, Patrick Achi.<\/p>\n<p>Depuis 2015, la Banque africaine de d\u00e9veloppement, dont le si\u00e8ge est bas\u00e9 \u00e0 Abidjan, a multipli\u00e9 par quatre ses investissements en C\u00f4te d\u2019Ivoire pour porter son portefeuille \u00e0 2,7 milliards de dollars am\u00e9ricains.<\/p>\n<p>Le portefeuille en cours de la Banque en C\u00f4te d\u2019Ivoire est constitu\u00e9 de\u00a038 op\u00e9rations totalisant des engagements de\u00a02 754,4\u00a0millions\u00a0de dollars avec une\u00a0pr\u00e9dominance des infrastructures de transport (43,5%), suivis de l\u2019\u00e9nergie (23,6%), de l\u2019agriculture (19,2%), de la gouvernance (8,6%), du social (5%) et de l\u2019eau et assainissement (0,1%).<\/p>\n<p>Le pr\u00e9sident de la Banque africaine de d\u00e9veloppement a d\u00e9clar\u00e9 qu\u2019il \u00e9tait important de rendre la croissance \u00e9conomique de la C\u00f4te d\u2019Ivoire \u00ab\u00a0plus\u00a0\u00bb inclusive et cr\u00e9atrice d\u2019emplois mais aussi d\u2019assurer une transformation des zones rurales. Il a ajout\u00e9 que la Banque soutiendra \u00e0 cet effet le Plan national de d\u00e9veloppement 2021-2025 mis en \u0153uvre par le gouvernement.<\/p>\n<p>Le pr\u00e9sident Adesina a \u00e9galement salu\u00e9 les efforts d\u00e9ploy\u00e9s par les autorit\u00e9s ivoiriennes dans la riposte contre la pand\u00e9mie de Covid-19, ce qui, a-t-il not\u00e9, a permis de relancer l\u2019\u00e9conomie du pays.<\/p>\n<p>\u00ab\u00a0La C\u00f4te d\u2019Ivoire se trouvait dans une trajectoire exceptionnelle, avec un taux de croissance moyen de 7% de 2016 \u00e0 2019. Malheureusement,\u00a0\u00e0 cause du Covid-19, le rythme de croissance a baiss\u00e9 \u00e0 2% en 2020. Mais avec la relance \u00e9conomique et la vaccination, le tourisme, les services, les transports et les industries manufacturi\u00e8res se redressent. L\u2019\u00e9conomie va rebondir, avec une pr\u00e9vision de 6,2% cette ann\u00e9e et 6,5% en 2022\u00a0\u00bb, a d\u00e9clar\u00e9 M. Adesina.<\/p>\n<p>Le Premier ministre Achi s\u2019est f\u00e9licit\u00e9 du soutien continu de la Banque africaine de d\u00e9veloppement, faisant mention de la haute satisfaction du gouvernement ivoirien concernant l\u2019appui de la Banque, qui est un partenaire strat\u00e9gique.<\/p>\n<p>Les ministres ivoiriens des Finances, Adama Coulibaly, du Plan, Nial\u00e9 Kaba, et de l\u2019Agriculture, Kobena Kouassi Adjoumani, ont pris part \u00e0 la s\u00e9ance de travail qui a suivi l\u2019audience ainsi que le directeur g\u00e9n\u00e9ral de la Banque africaine de d\u00e9veloppement pour l\u2019Afrique de l\u2019Ouest, Marie-Laure Akin-Olugbad\u00e9 et son adjoint, Joseph Manuel Riberio.<\/p>\n<p dir=\"ltr\" align=\"left\"><b>SOURCE<\/b><br \/>\n<strong>African Development Bank Group (AfDB)<\/strong><\/p>\n<div><\/div>\n<p>The post <a href=\"https:\/\/lexpertjournal.net\/fr\/?p=20714\">C\u00f4te d\u2019Ivoire : la Banque africaine de d\u00e9veloppement va soutenir la cr\u00e9ation de cha\u00eenes de valeur agricoles \u2013 Pr\u00e9sident Adesina<\/a> first appeared on <a href=\"https:\/\/lexpertjournal.net\/fr\">L&rsquo;Expert Journal<\/a>.<\/p>\n<\/div>\n<p>Auteur: L&rsquo;expert<br \/>\n<a href=\"https:\/\/lexpertjournal.net\/fr\/?p=20714\">Cliquez ici pour lire l&rsquo;article depuis sa source.<\/a><\/p>\n","protected":false},"excerpt":{"rendered":"<p>Depuis 2015, la Banque africaine de d\u00e9veloppement, a multipli\u00e9 par quatre ses investissements en C\u00f4te d\u2019Ivoire pour porter son portefeuille \u00e0 2,7 milliards de dollars am\u00e9ricains ABIDJAN, C\u00f4te d\u2019Ivoire, 8 juillet 2021\/ \u2014\u00a0La Banque africaine de d\u00e9veloppement (www.AfDB.org) va soutenir la C\u00f4te d\u2019Ivoire dans la cr\u00e9ation de cha\u00eenes de valeur agricoles afin de cr\u00e9er davantage [&hellip;]<\/p>\n","protected":false},"author":1775,"featured_media":0,"comment_status":"closed","ping_status":"closed","sticky":false,"template":"","format":"standard","meta":{"fifu_image_url":"","fifu_image_alt":"","footnotes":""},"categories":[78,55],"tags":[],"class_list":["post-120799","post","type-post","status-publish","format-standard","hentry","category-economie","category-tunisie"],"_links":{"self":[{"href":"https:\/\/linitiative.ca\/International\/wp-json\/wp\/v2\/posts\/120799","targetHints":{"allow":["GET"]}}],"collection":[{"href":"https:\/\/linitiative.ca\/International\/wp-json\/wp\/v2\/posts"}],"about":[{"href":"https:\/\/linitiative.ca\/International\/wp-json\/wp\/v2\/types\/post"}],"author":[{"embeddable":true,"href":"https:\/\/linitiative.ca\/International\/wp-json\/wp\/v2\/users\/1775"}],"replies":[{"embeddable":true,"href":"https:\/\/linitiative.ca\/International\/wp-json\/wp\/v2\/comments?post=120799"}],"version-history":[{"count":0,"href":"https:\/\/linitiative.ca\/International\/wp-json\/wp\/v2\/posts\/120799\/revisions"}],"wp:attachment":[{"href":"https:\/\/linitiative.ca\/International\/wp-json\/wp\/v2\/media?parent=120799"}],"wp:term":[{"taxonomy":"category","embeddable":true,"href":"https:\/\/linitiative.ca\/International\/wp-json\/wp\/v2\/categories?post=120799"},{"taxonomy":"post_tag","embeddable":true,"href":"https:\/\/linitiative.ca\/International\/wp-json\/wp\/v2\/tags?post=120799"}],"curies":[{"name":"wp","href":"https:\/\/api.w.org\/{rel}","templated":true}]}}