{"id":120800,"date":"2021-07-08T09:09:38","date_gmt":"2021-07-08T13:09:38","guid":{"rendered":"https:\/\/linitiative.ca\/International\/lanatomie-dun-secteur-porteur-souffrant\/"},"modified":"2021-07-08T09:09:38","modified_gmt":"2021-07-08T13:09:38","slug":"lanatomie-dun-secteur-porteur-souffrant","status":"publish","type":"post","link":"https:\/\/linitiative.ca\/International\/lanatomie-dun-secteur-porteur-souffrant\/","title":{"rendered":"L\u2019anatomie d\u2019un secteur porteur souffrant"},"content":{"rendered":"<div>\n<p>\u00a0<\/p>\n<h2><em>\u00ab\u00a0Quand la majorit\u00e9 des gens de toute nation abandonnent leur pr\u00e9rogative inali\u00e9nable de faire leur chemin en luttant la nation enti\u00e8re glisse vers la d\u00e9ch\u00e9ance\u2026\u00a0\u00bb<\/em><\/h2>\n<p style=\"text-align: right\"><strong><em>(Pens\u00e9e)<\/em><\/strong><\/p>\n<p>Lutter pour faire pr\u00e9valoir la voie de la justice et de l\u2019\u00e9quit\u00e9. Lutter pour respecter et faire respecter les lois. Lutter pour pr\u00e9server la survie des citoyens et des entit\u00e9s \u00e9conomiques \u0153uvrant dans tous les secteurs. Lutter pour pr\u00e9server les emplois des jeunes dipl\u00f4m\u00e9s et leur accorder leur droit de r\u00eaver d\u2019un jour meilleur et conforter leur appartenance citoyenne \u00e0 notre beau pays.<\/p>\n<p>Dans ce noble contexte, et loin d\u2019une attitude belliqueuse contre l\u2019Administration, nous lan\u00e7ons un appel de d\u00e9tresse pour pr\u00e9server la survie des soci\u00e9t\u00e9s \u0153uvrant dans le secteur, pr\u00e9sum\u00e9 prioritaire, des \u00e9nergies renouvelables plus pr\u00e9cis\u00e9ment dans la fili\u00e8re du photovolta\u00efque: installateurs, fabricants, distributeur et fournisseurs. Et, un appel \u00e0 l\u2019ANME de <u>se repositionner<\/u> en respectant la mission dont elle a \u00e9t\u00e9 investie et de veiller \u00e0 l\u2019application des termes des lois qui r\u00e9gissent le secteur car dans la pratique des choses les termes ont \u00e9t\u00e9 <u>remplac\u00e9s par leurs antonymes<\/u> et ceci ind\u00e9pendamment des explications verbeuses et creuses que nous lisons \u00e0 travers certains m\u00e9dias.<\/p>\n<p>Pour \u00e9tayer notre constat voici une revue des textes de lois :<\/p>\n<p>\u00a0<\/p>\n<p><em><strong>L\u2019Article 15 du Chapitre I \u2013 Les Principes G\u00e9n\u00e9raux<\/strong> \u2013 de notre constitution<\/em> <em>stipule<\/em><em> :\u00a0 L\u2019administration publique <strong><u>est au service du citoyen et de l\u2019int\u00e9r\u00eat g\u00e9n\u00e9ral<\/u><\/strong>. Son organisation et son fonctionnement sont soumis aux principes de la neutralit\u00e9, de l\u2019\u00e9galit\u00e9 et de la continuit\u00e9 du service public, et <strong>conform\u00e9ment aux r\u00e8gles de <u>la transparence<\/u>, de <u>l\u2019int\u00e9grit\u00e9<\/u>, de <u>l\u2019efficacit\u00e9<\/u>, et de <u>la responsabilit\u00e9<\/u><\/strong> ;<\/em><\/p>\n<p style=\"text-align: center\"><span style=\"color: #ff0000\"><strong>\u0627\u0644\u0625\u062f\u0627\u0631\u0629 \u0627\u0644\u0639\u0645\u0648\u0645\u064a\u0629 \u0641\u064a \u062e\u062f\u0645\u0629 \u0627\u0644\u0645\u0648\u0627\u0637\u0646 \u0648\u0627\u0644\u0635\u0627\u0644\u062d \u0627\u0644\u0639\u0627\u0645\u060c \u062a\u064f\u0646\u0638\u0651\u0645 \u0648\u062a\u0639\u0645\u0644 \u0648\u0641\u0642 \u0645\u0628\u0627\u062f\u0626 \u0627\u0644\u062d\u064a\u0627\u062f \u0648\u0627\u0644\u0645\u0633\u0627\u0648\u0627\u0629 \u0648\u0627\u0633\u062a\u0645\u0631\u0627\u0631\u064a\u0629 \u0627\u0644\u0645\u0631\u0641\u0642 \u0627\u0644\u0639\u0627\u0645\u060c \u0648\u0648\u0641\u0642 \u0642\u0648\u0627\u0639\u062f<u> \u0627\u0644\u0634\u0641\u0627\u0641\u064a\u0629 <\/u>\u0648<u>\u0627\u0644\u0646\u0632\u0627\u0647\u0629<\/u> <u>\u0648\u0627\u0644\u0646\u062c\u0627\u0639<\/u>\u0629 \u0648<u>\u0627\u0644\u0645\u0633\u0627\u0621\u0644<\/u>\u0629<\/strong><\/span><\/p>\n<p><em>\u00a0<\/em><\/p>\n<p><strong><em>Loi N\u00b02004-72 du 2 ao\u00fbt 2004, relative \u00e0 la maitrise de l\u2019\u00e9nergie<\/em><\/strong><\/p>\n<p><em>\u00a0<\/em><\/p>\n<p><em><strong>Article premier<\/strong> : La maitrise de l\u2019\u00e9nergie est consid\u00e9r\u00e9e comme <strong><u>une priorit\u00e9<\/u><\/strong> des <strong><u>priorit\u00e9s nationales <\/u><\/strong>dans la mesure o\u00f9 elle constitue un \u00e9l\u00e9ment principal du <strong><u>d\u00e9veloppement durable<\/u><\/strong> et qui a une relation \u00e9troite avec l\u2019\u00e9volution \u00e9conomique et sociale et avec la protection de l\u2019environnement.<\/em><\/p>\n<p><em><strong>Art.2<\/strong>. La ma\u00eetrise de l\u2019\u00e9nergie comprend l\u2019ensemble des actions mises en \u0153uvre en vue de l\u2019utilisation rationnelle de l\u2019\u00e9nergie, <strong><u>la promotion des \u00e9nergies renouvelables<\/u><\/strong> et la substitution de l\u2019\u00e9nergie.<\/em><\/p>\n<p><em>\u00a0\u00a0\u00a0\u00a0\u00a0\u00a0\u00a0\u00a0\u00a0\u00a0\u00a0\u00a0\u00a0\u00a0\u00a0\u00a0\u00a0\u00a0\u00a0\u00a0\u00a0\u00a0\u00a0\u00a0\u00a0\u00a0\u00a0\u00a0\u00a0\u00a0\u00a0\u00a0\u00a0\u00a0\u00a0\u00a0\u00a0\u00a0\u00a0\u00a0\u00a0\u00a0\u00a0\u00a0\u00a0\u00a0\u00a0\u00a0\u00a0\u00a0\u00a0\u00a0\u00a0\u00a0 <\/em><\/p>\n<p><em>\u00a0<\/em><\/p>\n<p style=\"text-align: center\"><strong><em>\u00a0\u00a0\u00a0\u00a0\u00a0\u00a0\u00a0\u00a0\u00a0\u00a0\u00a0\u00a0\u00a0\u00a0\u00a0\u00a0\u00a0\u00a0\u00a0\u00a0\u00a0\u00a0\u00a0\u00a0\u00a0\u00a0\u00a0\u00a0\u00a0\u00a0\u00a0\u00a0\u00a0\u00a0 \u00a0\u00a0CHAPITRE III<\/em><\/strong><\/p>\n<p style=\"text-align: center\"><strong><em>L\u2019AGENCE NATIONALE POUR LA MAITRISE DE L\u2019ENERGIE :<\/em><\/strong><\/p>\n<p style=\"text-align: center\"><strong><em>\u00a0<\/em><\/strong><\/p>\n<p style=\"text-align: left\"><em><strong>Art.16<\/strong> \u2013 Il est cr\u00e9\u00e9 un \u00e9tablissement public \u00e0 caract\u00e8re non administratif dot\u00e9 de la personnalit\u00e9 juridique et l\u2019autonomie financi\u00e8re d\u00e9nomm\u00e9 \u00a0\u00bb agence nationale pour la maitrise de l\u2019\u00e9nergie\u00a0\u00bb. Elle est plac\u00e9e, <strong><u>sous la tutelle<\/u><\/strong> du ministre charg\u00e9 de l\u2019\u00e9nergie.<\/em><\/p>\n<p><em><strong>Art.17<\/strong>\u2013 L\u2019agence nationale pour la ma\u00eetrise de l\u2019\u00e9nergie est charg\u00e9e notamment des missions suivantes :<\/em><\/p>\n<p><strong><em>\u2026<\/em><\/strong><\/p>\n<ul>\n<li><em>Proposer <strong><u>les incitations<\/u>, <u>les encouragements<\/u><\/strong> et les proc\u00e9dures susceptibles <strong><u>de d\u00e9velopper<\/u><\/strong> le domaine de la ma\u00eetrise de l\u2019\u00e9nergie<\/em><\/li>\n<\/ul>\n<p><em>\u00a0<\/em><\/p>\n<p style=\"text-align: center\"><strong><em>\u00a0\u00a0 \u00a0\u00a0\u00a0\u00a0\u00a0\u00a0\u00a0\u00a0\u00a0\u00a0\u00a0\u00a0\u00a0\u00a0\u00a0\u00a0\u00a0\u00a0\u00a0\u00a0\u00a0\u00a0\u00a0\u00a0\u00a0\u00a0\u00a0\u00a0\u00a0\u00a0\u00a0\u00a0\u00a0\u00a0CHAPITRE IV <\/em><\/strong><\/p>\n<p style=\"text-align: center\"><strong><em>\u00a0\u00a0 LES AVANTAGES ACCORDES AU TITRE DE LA MAITRISE DE L\u2019ENERGIE:<\/em><\/strong><\/p>\n<p style=\"text-align: center\"><em>\u00a0<\/em><\/p>\n<p><em><strong>Art.19<\/strong>. Les \u00e9tablissements qui se proposent de r\u00e9aliser des projets ayant pour but la ma\u00eetrise de l\u2019\u00e9nergie <strong><u>peuvent conclure<\/u><\/strong> des contrats-programmes avec l\u2019agence nationale pour la ma\u00eetrise de l\u2019\u00e9nergie,<strong><u> fixant<\/u><\/strong> tous les aspects techniques, \u00e9conomiques et financiers des investissements \u00e0 r\u00e9aliser.<\/em><\/p>\n<p><em>Les investissements r\u00e9alis\u00e9s dans le domaine de la ma\u00eetrise de l\u2019\u00e9nergie donnent lieu au b\u00e9n\u00e9fice des avantages pr\u00e9vus par le code <strong><u>d\u2019incitation <\/u><\/strong>aux investissements.<\/em><\/p>\n<p><em>L\u2019agence nationale pour la ma\u00eetrise de l\u2019\u00e9nergie <strong><u>est charg\u00e9e<\/u><\/strong> d\u2019assurer le contr\u00f4le et le suivi des investissements et de veiller \u00e0 la bonne utilisation des aides octroy\u00e9es conform\u00e9ment aux dispositions du code d\u2019incitation aux investissements.<\/em><\/p>\n<p><em>\u00a0<\/em><\/p>\n<p><strong><em>Loi N\u00b02005-82 du 15 ao\u00fbt 2005<\/em><\/strong><em><strong>, portant cr\u00e9ation d\u2019un syst\u00e8me de maitrise de l\u2019\u00e9nergie :<\/strong> <\/em><\/p>\n<p><em>\u00a0<\/em><\/p>\n<p><em>Article premier : Est cr\u00e9\u00e9 un syst\u00e8me ayant pour but <strong><u>l\u2019appui<\/u><\/strong> des actions visant la rationalisation de la consommation de l\u2019\u00e9nergie, <strong><u>la promotion<\/u><\/strong> des \u00e9nergies renouvelables et la substitution de l\u2019\u00e9nergie.<\/em><\/p>\n<p><strong><em><u>Des subventions sont octroy\u00e9es<\/u><\/em><\/strong><em> dans le cadre de ce syst\u00e8me \u2026 <\/em><\/p>\n<p>\u00a0<\/p>\n<p><strong><em>Loi n\u00b0 2005-106 du 19 d\u00e9cembre 2005<\/em><em>, portant loi de finances pour l\u2019ann\u00e9e 2006:\u00a0<\/em><\/strong><\/p>\n<p><em>\u00a0<\/em><\/p>\n<p><em>Cr\u00e9ation du fonds national de ma\u00eetrise de l\u2019\u00e9nergie<\/em><\/p>\n<p><em><br \/>\n<strong>ARTICLE 12 : <\/strong><br \/>\nEst ouvert dans les \u00e9critures du Tr\u00e9sorier G\u00e9n\u00e9ral de Tunisie, un fonds sp\u00e9cial de tr\u00e9sor intitul\u00e9 \u00ab Fonds National de Ma\u00eetrise de l\u2019Energie \u00bb, destin\u00e9 au financement des op\u00e9rations visant la rationalisation de la consommation de l\u2019\u00e9nergie, la promotion des \u00e9nergies renouvelables et la<br \/>\nsubstitution de l\u2019\u00e9nergie.<br \/>\nLedit fonds accorde des subventions pour la r\u00e9alisation des op\u00e9rations pr\u00e9vues par l\u2019article premier de la loi n\u00b02005-82 du 15 ao\u00fbt 2005 relative \u00e0 la cr\u00e9ation d\u2019un syst\u00e8me de ma\u00eetrise de l\u2019\u00e9nergie.<br \/>\nLe montant des subventions, les conditions et les modalit\u00e9s de leur octroi sont fix\u00e9s par d\u00e9cret.<br \/>\nLe ministre charg\u00e9 de l\u2019\u00e9nergie est l\u2019ordonnateur de ce fonds. Les d\u00e9penses de ce fonds ont un <strong><u>caract\u00e8re \u00e9valuatif.<\/u><\/strong><\/em><\/p>\n<p><strong><em><u>\u00a0<\/u><\/em><\/strong><\/p>\n<p><strong><em>Loi n\u00b0 2013-54 du 30 d\u00e9cembre 2013<\/em><\/strong><em><strong>, portant loi de finances pour l\u2019ann\u00e9e 2014<\/strong> : Cr\u00e9ation du fonds de la transition \u00e9nerg\u00e9tique et affectation de ressources \u00e0 son profit.<\/em><\/p>\n<p><strong><em>Article 67 :<\/em><\/strong><\/p>\n<ul>\n<li><em>Sont abrog\u00e9es les dispositions de l\u2019article 12 de la loi n\u00b0 2005-106 du 19 d\u00e9cembre 2005, portant loi de finances pour l\u2019ann\u00e9e 2006 tel que modifi\u00e9 par les textes subs\u00e9quents et remplac\u00e9es par ce qui suit : Est ouvert dans les \u00e9critures du Tr\u00e9sorier G\u00e9n\u00e9ral de la Tunisie un fonds sp\u00e9cial de tr\u00e9sor intitul\u00e9 \u00ab fonds de la transition \u00e9nerg\u00e9tique \u00bb destin\u00e9 \u00e0 <strong><u>l\u2019incitation \u00e0 l\u2019investissement<\/u><\/strong> dans le domaine de la ma\u00eetrise de l\u2019\u00e9nergie. Les interventions dudit fonds sont fix\u00e9es par d\u00e9cret.<\/em><\/li>\n<li><em>Le ministre charg\u00e9 de l\u2019\u00e9nergie est l\u2019ordonnateur du fonds et les d\u00e9penses dudit fonds ont un <strong><u>caract\u00e8re estimatif.<\/u><\/strong> <\/em><\/li>\n<li><em>L\u2019expression \u00ab fonds de la ma\u00eetrise de l\u2019\u00e9nergie \u00bb est remplac\u00e9e l\u00e0 o\u00f9 elle se trouve dans les textes l\u00e9gislatifs et r\u00e9glementaires en vigueur par l\u2019expression \u00a0\u00a0\u00a0\u00ab fonds de la transition \u00e9nerg\u00e9tique\u00bb.<\/em><\/li>\n<\/ul>\n<p><em>\u00a0<\/em><\/p>\n<p><strong><em>D\u00e9cret n\u00b02009-362 du 9 f\u00e9vrier 2009<\/em><\/strong><em><strong>, modifiant le d\u00e9cret n\u00b02005-2234 du 22 ao\u00fbt 2005<\/strong>, fixant les taux et les montants des primes relatives aux actions concern\u00e9es par le r\u00e9gime pour la maitrise de l\u2019\u00e9nergie ainsi que les conditions et les modalit\u00e9s de leur octroi.<\/em><\/p>\n<p><em><strong>Article premier (nouveau)<\/strong> : Les actions ayant objectifs l\u2019utilisation rationnelle de l\u2019\u00e9nergie <strong><u>le d\u00e9veloppement<\/u><\/strong> des \u00e9nergies renouvelables et la substitution de l\u2019\u00e9nergie <strong><u>sont \u00e9ligibles<\/u><\/strong> au b\u00e9n\u00e9fice des primes suivantes : \u2026.<\/em><\/p>\n<p>A travers le m\u00e9canisme \u00ab\u00a0PROSOL ELEC\u00a0\u00bb dont revient le m\u00e9rite \u00e0 l\u2019ETAT \u00e0 son instauration et l\u2019ANME , la STEG\u00a0 et le MEDREC \u00e0 son lancement, qui a contribu\u00e9 \u00e0 cr\u00e9er une chaine de valeur et une certaine attractivit\u00e9 pour l\u2019investissement dans le secteur, malgr\u00e9 les retards exorbitants de d\u00e9blocage des subventions allou\u00e9es dans le cadre d\u2019un contrat programme entre l\u2019ANME et les soci\u00e9t\u00e9s installatrices: Jouant le r\u00f4le, entre autre, de facilitateur pour la gestion des subventions octroy\u00e9es au Citoyen,\u00a0 et subir en contrepartie les incidences de retard de d\u00e9blocage des primes, d\u00e9di\u00e9es au Citoyen. Les Soci\u00e9t\u00e9s installatrices contribuent activement aux objectifs de l\u2019Etat en mati\u00e8re de la transition \u00e9nerg\u00e9tique gr\u00e2ce \u00e0 leurs dynamismes pour la promotion des syst\u00e8mes photovolta\u00efques aupr\u00e8s des abonn\u00e9s de la Steg et \u00e0 d\u2019autres utilisateurs.<\/p>\n<p>L\u2019ann\u00e9e derni\u00e8re, malgr\u00e9 les r\u00e9percussions de la pand\u00e9mie, les Soci\u00e9t\u00e9s ont d\u00e9pass\u00e9 de loin les pr\u00e9visions \u00ab\u00a0souhait\u00e9es\u00a0\u00bb de l\u2019ETAT, ont sauvegard\u00e9 les emplois et ont proc\u00e9d\u00e9 \u00e0 de nouveaux recrutements.<\/p>\n<p>Malheureusement comme acte m\u00e9ritoire les Soci\u00e9t\u00e9s subissent les tracasseries administratives pour r\u00e9cup\u00e9rer les fonds qu\u2019elles ont avanc\u00e9s, un engagement qui aurait d\u00fb \u00eatre honor\u00e9 par l\u2019Etat aux titres des pr\u00e9misses pour la priorit\u00e9 des priorit\u00e9s de l\u2019Etat en mati\u00e8re de transition \u00e9nerg\u00e9tique et de r\u00e9duction du d\u00e9ficit \u00e9nerg\u00e9tique. En effet, les Soci\u00e9t\u00e9s installatrices des syst\u00e8mes photovolta\u00efques sont li\u00e9es par un contrat programme annuel avec l\u2019ANME, fixant par arr\u00eat\u00e9 du Ministre de l\u2019Energie, qui est <u>l\u2019ordonnateur<\/u> du \u00ab\u00a0Fond de la Transition Energ\u00e9tique\u00a0\u00bb dont les <u>d\u00e9penses ont un caract\u00e8re estimatif<\/u>, le montant des investissements \u00e0 r\u00e9aliser et les subventions allou\u00e9es. Il est \u00e0 pr\u00e9ciser que les Soci\u00e9t\u00e9s installatrices ne re\u00e7oivent leur Contrat programme qu\u2019au second semestre de l\u2019ann\u00e9e, soit six \u00e0 sept mois d\u2019investissements r\u00e9alis\u00e9s et dont les demandes de restitution des subventions y aff\u00e9rentes sont d\u00e9pos\u00e9es \u00e0 l\u2019ANME sous forme de lot 2 fois par mois. De m\u00eame il est stipul\u00e9 dans ce contrat programme :<\/p>\n<p>\u00a0<\/p>\n<p><strong><em>Article1 : PRESENTATION DU PROJET :<\/em><\/strong><\/p>\n<p><em>Le projet vise \u00e0 <strong><u>promouvoir<\/u><\/strong> l\u2019\u00e9nergie solaire photovolta\u00efque pour la production de l\u2019\u00e9lectricit\u00e9 \u00e0 des fins d\u2019autoconsommation pour les installations raccord\u00e9es au r\u00e9seau basse tension.<\/em><\/p>\n<p><em>\u00a0<\/em><\/p>\n<p><strong><em>Article 2 : PRIME A L\u2019INVESTISSEMENT :<\/em><\/strong><\/p>\n<p><em>Les quantit\u00e9s <u>pr\u00e9visionnelles pr\u00e9vues par<\/u> le B\u00e9n\u00e9ficiaire (par<strong><u> l\u2019ANME<\/u><\/strong>), durant la dur\u00e9e de validit\u00e9 du pr\u00e9sent contrat programme sont d\u00e9taill\u00e9es dans le tableau suivant\u2026.<\/em><\/p>\n<p><em>Le montant total de la prime allou\u00e9e au B\u00e9n\u00e9ficiaire s\u2019\u00e9l\u00e8ve \u00e0 : \u2026\u2026\u2026\u2026\u2026\u2026\u2026\u2026\u2026\u2026\u2026.<\/em><\/p>\n<p><strong><em><u>Ce montant pourrait \u00eatre revu \u00e0 la hausse, par d\u00e9cision du ministre charg\u00e9 de l\u2019\u00e9nergie apr\u00e8s avis de la Commission technique.<\/u><\/em><\/strong><\/p>\n<p><strong><em><u>Cette r\u00e9vision du montant ne se fera, qu\u2019une seule fois, et ce dans le cadre d\u2019un avenant dont la demande devra parvenir \u00e0 l\u2019ANME dans un d\u00e9lai ne d\u00e9passant pas le 30\/11\/2020.<\/u><\/em><\/strong><\/p>\n<p><strong><em><u>\u00a0<\/u><\/em><\/strong><\/p>\n<p><u>Est-ce le fait d\u2019avoir d\u00e9pos\u00e9 une demande d\u2019avenant avant l\u2019\u00e9ch\u00e9ance fix\u00e9e constitue un non-respect des clauses contractuelles ?<\/u><\/p>\n<p><u>\u00a0<\/u><\/p>\n<p><u>Est-ce le fait <strong>de forcer<\/strong> le repr\u00e9sentant l\u00e9gal d\u2019une Soci\u00e9t\u00e9 <strong>asphyxi\u00e9 par les alias du secteur<\/strong>, \u00e0 signer une reconnaissance indue pour l\u2019obtention d\u2019un Avenant, ayant obtenu l\u2019aval du Ministre de tutelle, ne constitue pas une atteinte \u00e0 son int\u00e9grit\u00e9 ?<\/u><\/p>\n<p><u>\u00a0<\/u><\/p>\n<p><u>Est-ce le fait d\u2019imposer un contrat programme pour l\u2019ann\u00e9e courante au mois de Juin ne couvrant pas les investissements d\u00e9j\u00e0 r\u00e9alis\u00e9s avec l\u2019appr\u00e9hension des installateurs de ne pas pouvoir r\u00e9cup\u00e9rer les subventions avanc\u00e9es et r\u00e9duisant leurs activit\u00e9s \u00e0 1\/3 de celle de l\u2019ann\u00e9e pr\u00e9c\u00e9dente n\u2019aurait pas de cons\u00e9quence sur la survie des Soci\u00e9t\u00e9s et le maintien des postes d\u2019emplois ?\u00a0 <\/u><\/p>\n<p>\u00a0<\/p>\n<p>La partie instigatrice de pareilles d\u00e9cisions, nous importe peu, ce qui nous importe c\u2019est d\u2019acc\u00e9l\u00e9rer le d\u00e9blocage des subventions de l\u2019ann\u00e9e 2020, la proposition d\u2019un avenant au contrat programme 2021 prenant en charge les investissements d\u00e9j\u00e0 r\u00e9alis\u00e9s et une position claire de l\u2019ETAT quant \u00e0 la poursuite du m\u00e9canisme PROSOL ELEC.<\/p>\n<p>\u00a0<\/p>\n<p>En ce qui concerne les alias du secteur, le tout se r\u00e9sume en <strong><u>l\u2019absence d\u2019une planification strat\u00e9gique<\/u><\/strong>, d\u2019allocation des budgets n\u00e9cessaires pour la dotation en \u00a0moyens humains et mat\u00e9riels (<u>pas de demi-mesure<\/u>), la GIZ a d\u00fb intervenir pour la cr\u00e9ation du guichet unique au sein de l\u2019ANME, nos partenaires aux diff\u00e9rents districts de la STEG essayent de composer avec les moyens de bord pour s\u2019acquitter de cette t\u00e2che additionnelle consistant \u00e0 la r\u00e9ception technique des installations photovolta\u00efques: pas (ou peu) de structure d\u00e9di\u00e9e uniquement au photovolta\u00efque. La p\u00e9nurie des compteurs STEG qui est devenue r\u00e9currente ne doit pas \u00eatre tol\u00e9r\u00e9e et ne doit pas \u00eatre justifi\u00e9e pour quelques motifs que ce soit, sommes-nous capables de trouver une solution \u00e0 ce probl\u00e8me ?<\/p>\n<p>Ce qui mine le secteur c\u2019est <u>le manque de visibilit\u00e9<\/u> et d\u2019informations pertinentes \u00e0 la prise de d\u00e9cision de la part des gestionnaires des soci\u00e9t\u00e9s pour pallier aux probl\u00e8mes surtout de tr\u00e9sorerie. Le probl\u00e8me de subvention est secondaire face aux d\u00e9fis \u00e0 relever pour la r\u00e9ussite de la transition \u00e9nerg\u00e9tique des abonn\u00e9s M.T. de la STEG et d\u2019apprendre de nos erreurs du PROSOL ELEC.<\/p>\n<p>Le bon sens exige avant de se lancer dans un nouveau m\u00e9canisme de Prosol et de se concentrer, de conjuguer nos efforts pour parfaire le m\u00e9canisme PROSOL ELEC qui a d\u00e9montr\u00e9 ses preuves en mati\u00e8re de sa participation \u00e0 la transition \u00e9nerg\u00e9tique de notre pays, il suffit juste d\u2019un peu de clairvoyance et de la volont\u00e9 politique pour \u00e9liminer une des principales entraves au m\u00e9canisme: c\u2019est le retard excessif pour le d\u00e9blocage des primes, <strong><u>mais en r\u00e9alit\u00e9 tout le monde trouve son compte<\/u><\/strong> : l\u2019Etat, le citoyen est satisfait, si bien qu\u2019il prend en charge le financement de la quasi-totalit\u00e9 du syst\u00e8me (la subvention est un catalyseur de vente vu le contexte socio-\u00e9conomique \u00ab\u00a0mentalit\u00e9\u00a0\u00bb), les soci\u00e9t\u00e9s installatrices etc\u2026<\/p>\n<p><em>Ce n\u2019est qu\u2019un appel aux responsables du secteur pour nous aider \u00e0 travailler et d\u00e9velopper ce secteur strat\u00e9gique pour le bien de tous les citoyens et de la plan\u00e8te, Et, de ne pas sous-estim\u00e9 l\u2019ing\u00e9niosit\u00e9 de nos jeunes dipl\u00f4m\u00e9s, bien encadr\u00e9s ils seraient capables de r\u00e9aliser des miracles !<\/em><\/p>\n<p>\u00a0<\/p>\n<p style=\"text-align: right\"><strong><em>Un Citoyen tunisien (du domaine)\u00a0 \u00a0\u2026..<\/em><em>Et fier de l\u2019\u00eatre.<\/em><\/strong><\/p>\n<p><em>\u00a0<\/em><\/p>\n<p><em>PS: Je veux garder l\u2019anonymat pas par crainte de qui et de quoi ce soit<\/em><\/p>\n<p><em>Mais pour ne pas entacher la noblesse de cet acte par une forme de\u00a0\u00a0\u00a0 propagande d\u00e9guis\u00e9e.<\/em><\/p>\n<p>The post <a href=\"https:\/\/lexpertjournal.net\/fr\/?p=20717\">L\u2019anatomie d\u2019un secteur porteur souffrant<\/a> first appeared on <a href=\"https:\/\/lexpertjournal.net\/fr\">L&rsquo;Expert Journal<\/a>.<\/p>\n<\/div>\n<p>Auteur: L&rsquo;expert<br \/>\n<a href=\"https:\/\/lexpertjournal.net\/fr\/?p=20717\">Cliquez ici pour lire l&rsquo;article depuis sa source.<\/a><\/p>\n","protected":false},"excerpt":{"rendered":"<p>\u00a0 \u00ab\u00a0Quand la majorit\u00e9 des gens de toute nation abandonnent leur pr\u00e9rogative inali\u00e9nable de faire leur chemin en luttant la nation enti\u00e8re glisse vers la d\u00e9ch\u00e9ance\u2026\u00a0\u00bb (Pens\u00e9e) Lutter pour faire pr\u00e9valoir la voie de la justice et de l\u2019\u00e9quit\u00e9. Lutter pour respecter et faire respecter les lois. Lutter pour pr\u00e9server la survie des citoyens et [&hellip;]<\/p>\n","protected":false},"author":1775,"featured_media":0,"comment_status":"closed","ping_status":"closed","sticky":false,"template":"","format":"standard","meta":{"fifu_image_url":"","fifu_image_alt":"","footnotes":""},"categories":[78,55],"tags":[],"class_list":["post-120800","post","type-post","status-publish","format-standard","hentry","category-economie","category-tunisie"],"_links":{"self":[{"href":"https:\/\/linitiative.ca\/International\/wp-json\/wp\/v2\/posts\/120800","targetHints":{"allow":["GET"]}}],"collection":[{"href":"https:\/\/linitiative.ca\/International\/wp-json\/wp\/v2\/posts"}],"about":[{"href":"https:\/\/linitiative.ca\/International\/wp-json\/wp\/v2\/types\/post"}],"author":[{"embeddable":true,"href":"https:\/\/linitiative.ca\/International\/wp-json\/wp\/v2\/users\/1775"}],"replies":[{"embeddable":true,"href":"https:\/\/linitiative.ca\/International\/wp-json\/wp\/v2\/comments?post=120800"}],"version-history":[{"count":0,"href":"https:\/\/linitiative.ca\/International\/wp-json\/wp\/v2\/posts\/120800\/revisions"}],"wp:attachment":[{"href":"https:\/\/linitiative.ca\/International\/wp-json\/wp\/v2\/media?parent=120800"}],"wp:term":[{"taxonomy":"category","embeddable":true,"href":"https:\/\/linitiative.ca\/International\/wp-json\/wp\/v2\/categories?post=120800"},{"taxonomy":"post_tag","embeddable":true,"href":"https:\/\/linitiative.ca\/International\/wp-json\/wp\/v2\/tags?post=120800"}],"curies":[{"name":"wp","href":"https:\/\/api.w.org\/{rel}","templated":true}]}}