{"id":120801,"date":"2021-07-08T08:55:23","date_gmt":"2021-07-08T12:55:23","guid":{"rendered":"https:\/\/linitiative.ca\/International\/prorogation-de-la-duree-de-beneficier-de-lindemnite-forfaitaire\/"},"modified":"2021-07-08T08:55:23","modified_gmt":"2021-07-08T12:55:23","slug":"prorogation-de-la-duree-de-beneficier-de-lindemnite-forfaitaire","status":"publish","type":"post","link":"https:\/\/linitiative.ca\/International\/prorogation-de-la-duree-de-beneficier-de-lindemnite-forfaitaire\/","title":{"rendered":"Prorogation de la dur\u00e9e de b\u00e9n\u00e9ficier de l\u2019indemnit\u00e9 forfaitaire"},"content":{"rendered":"<div>\n<div style=\"margin-bottom:20px;\"><img loading=\"lazy\" decoding=\"async\" width=\"750\" height=\"430\" src=\"https:\/\/linitiative.ca\/International\/wp-content\/uploads\/sites\/23\/2021\/07\/CNSS-M750C397430-MAP.jpg\" class=\"attachment-post-thumbnail size-post-thumbnail wp-post-image\" alt=\"\" srcset=\"https:\/\/linitiative.ca\/International\/wp-content\/uploads\/sites\/23\/2021\/07\/CNSS-M750C397430-MAP.jpg 750w, http:\/\/www.mapmarrakech.ma\/map\/uploads\/2021\/07\/CNSS-M750\u00d7430-MAP-300x172.jpg 300w\" sizes=\"auto, (max-width: 750px) 100vw, 750px\"><\/div>\n<p>La CNSS indique, dans un communiqu\u00e9, que le service de l\u2019indemnit\u00e9 forfaitaire, financ\u00e9 par le fonds sp\u00e9cial de la gestion de la pand\u00e9mie Covid-19, cr\u00e9\u00e9 sur Hautes Instructions de Sa Majest\u00e9 le Roi, a \u00e9t\u00e9 prorog\u00e9 au mois de juin au profit des employ\u00e9s des organismes pr\u00e9cit\u00e9s.<\/p>\n<p>Sont \u00e9galement concern\u00e9s les op\u00e9rateurs du secteur du tourisme exer\u00e7ant dans des agences de voyages agr\u00e9\u00e9es, les transporteurs touristiques agr\u00e9\u00e9s, les employ\u00e9s d\u2019\u00e9tablissements d\u2019h\u00e9bergement class\u00e9s, des soci\u00e9t\u00e9s d\u2019int\u00e9rim ayant un contrat avec les op\u00e9rateurs des sous-secteurs li\u00e9s au tourisme et des guides touristiques d\u00e9clar\u00e9s \u00e0 la CNSS.<\/p>\n<p>Les acteurs des secteurs pr\u00e9cit\u00e9s, qui souhaitent que leurs travailleurs b\u00e9n\u00e9ficient de l\u2019indemnit\u00e9 forfaitaire pour le mois de juin, doivent les d\u00e9clarer via le portail covid19.cnss.ma \u00e0 partir du 8 juillet, jusqu\u2019au 3 ao\u00fbt prochain, fait savoir la CNSS.<\/p>\n<p>Les personnes d\u00e9clar\u00e9es sur le portail, avant le 11 juillet, percevront l\u2019indemnit\u00e9 forfaitaire \u00e0 partir du 15 juillet, alors que les employ\u00e9s d\u00e9clar\u00e9s apr\u00e8s cette date recevront l\u2019indemnit\u00e9 forfaitaire \u00e0 partir du 10 ao\u00fbt prochain, ajoute la m\u00eame source.<\/p>\n<p>Par ailleurs, la CNSS invite les affili\u00e9s concern\u00e9s \u00e0 proc\u00e9der \u00e0 la d\u00e9claration de leur personnel avant le 11 juillet sur le portail susmentionn\u00e9, op\u00e9rationnel 7 jours sur 7 et 24 heures sur 24, afin de permettre \u00e0 leurs employ\u00e9s de b\u00e9n\u00e9ficier du paiement de l\u2019indemnit\u00e9 \u00e0 partir du 15 juillet.<\/p>\n<p>Pour tout compl\u00e9ment d\u2019information, la CNSS invite les personnes int\u00e9ress\u00e9es \u00e0 contacter le centre \u2018\u2018Allo Damane\u2019\u2019 au :08 02 03 33 33 \/ 08 0200 72 00.<\/p>\n<p>The post <a rel=\"nofollow\" href=\"http:\/\/www.mapmarrakech.ma\/fr\/cnss-prorogation-de-la-duree-de-beneficier-de-lindemnite-forfaitaire\/\">Prorogation de la dur\u00e9e de b\u00e9n\u00e9ficier de l\u2019indemnit\u00e9 forfaitaire<\/a> appeared first on <a rel=\"nofollow\" href=\"http:\/\/www.mapmarrakech.ma\/fr\">MapMarrakech<\/a>.<\/p>\n<\/div>\n<p>Auteur: Meriem IGASS<br \/>\n<a href=\"http:\/\/www.mapmarrakech.ma\/fr\/cnss-prorogation-de-la-duree-de-beneficier-de-lindemnite-forfaitaire\/\">Cliquez ici pour lire l&rsquo;article depuis sa source.<\/a><\/p>\n","protected":false},"excerpt":{"rendered":"<p>La CNSS indique, dans un communiqu\u00e9, que le service de l\u2019indemnit\u00e9 forfaitaire, financ\u00e9 par le fonds sp\u00e9cial de la gestion de la pand\u00e9mie Covid-19, cr\u00e9\u00e9 sur Hautes Instructions de Sa Majest\u00e9 le Roi, a \u00e9t\u00e9 prorog\u00e9 au mois de juin au profit des employ\u00e9s des organismes pr\u00e9cit\u00e9s. Sont \u00e9galement concern\u00e9s les op\u00e9rateurs du secteur du [&hellip;]<\/p>\n","protected":false},"author":1788,"featured_media":0,"comment_status":"closed","ping_status":"closed","sticky":false,"template":"","format":"standard","meta":{"fifu_image_url":"http:\/\/www.mapmarrakech.ma\/map\/uploads\/2021\/07\/CNSS-M750\u00d7430-MAP.jpg","fifu_image_alt":"Prorogation de la dur\u00e9e de b\u00e9n\u00e9ficier de l\u2019indemnit\u00e9 forfaitaire","footnotes":""},"categories":[54,76],"tags":[],"class_list":["post-120801","post","type-post","status-publish","format-standard","hentry","category-maroc","category-regions"],"_links":{"self":[{"href":"https:\/\/linitiative.ca\/International\/wp-json\/wp\/v2\/posts\/120801","targetHints":{"allow":["GET"]}}],"collection":[{"href":"https:\/\/linitiative.ca\/International\/wp-json\/wp\/v2\/posts"}],"about":[{"href":"https:\/\/linitiative.ca\/International\/wp-json\/wp\/v2\/types\/post"}],"author":[{"embeddable":true,"href":"https:\/\/linitiative.ca\/International\/wp-json\/wp\/v2\/users\/1788"}],"replies":[{"embeddable":true,"href":"https:\/\/linitiative.ca\/International\/wp-json\/wp\/v2\/comments?post=120801"}],"version-history":[{"count":0,"href":"https:\/\/linitiative.ca\/International\/wp-json\/wp\/v2\/posts\/120801\/revisions"}],"wp:attachment":[{"href":"https:\/\/linitiative.ca\/International\/wp-json\/wp\/v2\/media?parent=120801"}],"wp:term":[{"taxonomy":"category","embeddable":true,"href":"https:\/\/linitiative.ca\/International\/wp-json\/wp\/v2\/categories?post=120801"},{"taxonomy":"post_tag","embeddable":true,"href":"https:\/\/linitiative.ca\/International\/wp-json\/wp\/v2\/tags?post=120801"}],"curies":[{"name":"wp","href":"https:\/\/api.w.org\/{rel}","templated":true}]}}