{"id":120805,"date":"2021-07-08T12:50:02","date_gmt":"2021-07-08T16:50:02","guid":{"rendered":"https:\/\/linitiative.ca\/International\/letat-durgence-sanitaire-prolonge-jusquau-10-aout\/"},"modified":"2021-07-08T12:50:02","modified_gmt":"2021-07-08T16:50:02","slug":"letat-durgence-sanitaire-prolonge-jusquau-10-aout","status":"publish","type":"post","link":"https:\/\/linitiative.ca\/International\/letat-durgence-sanitaire-prolonge-jusquau-10-aout\/","title":{"rendered":"L\u2019\u00e9tat d\u2019urgence sanitaire prolong\u00e9 jusqu\u2019au 10 ao\u00fbt"},"content":{"rendered":"<div>\n<div style=\"margin-bottom:20px;\"><img loading=\"lazy\" decoding=\"async\" width=\"750\" height=\"430\" src=\"https:\/\/linitiative.ca\/International\/wp-content\/uploads\/sites\/23\/2021\/07\/DGSN-Etat-durgence-copier.jpg\" class=\"attachment-post-thumbnail size-post-thumbnail wp-post-image\" alt=\"\" srcset=\"https:\/\/linitiative.ca\/International\/wp-content\/uploads\/sites\/23\/2021\/07\/DGSN-Etat-durgence-copier.jpg 750w, http:\/\/www.mapmarrakech.ma\/map\/uploads\/2021\/07\/DGSN-Etat-durgence-copier-300x172.jpg 300w\" sizes=\"auto, (max-width: 750px) 100vw, 750px\"><\/div>\n<p dir=\"ltr\">Pr\u00e9sent\u00e9 par le ministre de l\u2019Int\u00e9rieur, ce projet de d\u00e9cret vise \u00e0 \u00e9tendre la date d\u2019effet de l\u2019\u00e9tat d\u2019urgence sanitaire sur tout le territoire national du 10 juillet 2021 \u00e0 18h au 10 ao\u00fbt 2021 \u00e0 18h, indique un communiqu\u00e9 rendu public \u00e0 l\u2019issue du Conseil.<\/p>\n<p dir=\"ltr\">Il s\u2019inscrit dans le souci des pouvoirs publics de continuer \u00e0 assurer l\u2019efficacit\u00e9 et l\u2019efficience des mesures et dispositions prises pour faire face \u00e0 la propagation de la pand\u00e9mie de Covid-19, selon la m\u00eame source.<\/p>\n<p>The post <a rel=\"nofollow\" href=\"http:\/\/www.mapmarrakech.ma\/fr\/letat-durgence-sanitaire-prolonge-jusquau-10-aout\/\">L\u2019\u00e9tat d\u2019urgence sanitaire prolong\u00e9 jusqu\u2019au 10 ao\u00fbt<\/a> appeared first on <a rel=\"nofollow\" href=\"http:\/\/www.mapmarrakech.ma\/fr\">MapMarrakech<\/a>.<\/p>\n<\/div>\n<p>Auteur: Meriem IGASS<br \/>\n<a href=\"http:\/\/www.mapmarrakech.ma\/fr\/letat-durgence-sanitaire-prolonge-jusquau-10-aout\/\">Cliquez ici pour lire l&rsquo;article depuis sa source.<\/a><\/p>\n","protected":false},"excerpt":{"rendered":"<p>Pr\u00e9sent\u00e9 par le ministre de l\u2019Int\u00e9rieur, ce projet de d\u00e9cret vise \u00e0 \u00e9tendre la date d\u2019effet de l\u2019\u00e9tat d\u2019urgence sanitaire sur tout le territoire national du 10 juillet 2021 \u00e0 18h au 10 ao\u00fbt 2021 \u00e0 18h, indique un communiqu\u00e9 rendu public \u00e0 l\u2019issue du Conseil. Il s\u2019inscrit dans le souci des pouvoirs publics de [&hellip;]<\/p>\n","protected":false},"author":1788,"featured_media":0,"comment_status":"closed","ping_status":"closed","sticky":false,"template":"","format":"standard","meta":{"fifu_image_url":"http:\/\/www.mapmarrakech.ma\/map\/uploads\/2021\/07\/DGSN-Etat-durgence-copier.jpg","fifu_image_alt":"L\u2019\u00e9tat d\u2019urgence sanitaire prolong\u00e9 jusqu\u2019au 10 ao\u00fbt","footnotes":""},"categories":[54,76],"tags":[],"class_list":["post-120805","post","type-post","status-publish","format-standard","hentry","category-maroc","category-regions"],"_links":{"self":[{"href":"https:\/\/linitiative.ca\/International\/wp-json\/wp\/v2\/posts\/120805","targetHints":{"allow":["GET"]}}],"collection":[{"href":"https:\/\/linitiative.ca\/International\/wp-json\/wp\/v2\/posts"}],"about":[{"href":"https:\/\/linitiative.ca\/International\/wp-json\/wp\/v2\/types\/post"}],"author":[{"embeddable":true,"href":"https:\/\/linitiative.ca\/International\/wp-json\/wp\/v2\/users\/1788"}],"replies":[{"embeddable":true,"href":"https:\/\/linitiative.ca\/International\/wp-json\/wp\/v2\/comments?post=120805"}],"version-history":[{"count":0,"href":"https:\/\/linitiative.ca\/International\/wp-json\/wp\/v2\/posts\/120805\/revisions"}],"wp:attachment":[{"href":"https:\/\/linitiative.ca\/International\/wp-json\/wp\/v2\/media?parent=120805"}],"wp:term":[{"taxonomy":"category","embeddable":true,"href":"https:\/\/linitiative.ca\/International\/wp-json\/wp\/v2\/categories?post=120805"},{"taxonomy":"post_tag","embeddable":true,"href":"https:\/\/linitiative.ca\/International\/wp-json\/wp\/v2\/tags?post=120805"}],"curies":[{"name":"wp","href":"https:\/\/api.w.org\/{rel}","templated":true}]}}