{"id":120807,"date":"2021-07-08T12:58:09","date_gmt":"2021-07-08T16:58:09","guid":{"rendered":"https:\/\/linitiative.ca\/International\/1-336-cas-plus-de-92-millions-de-personnes-completement-vaccinees\/"},"modified":"2021-07-08T12:58:09","modified_gmt":"2021-07-08T16:58:09","slug":"1-336-cas-plus-de-92-millions-de-personnes-completement-vaccinees","status":"publish","type":"post","link":"https:\/\/linitiative.ca\/International\/1-336-cas-plus-de-92-millions-de-personnes-completement-vaccinees\/","title":{"rendered":"1.336 cas, plus de 9,2 millions de personnes compl\u00e8tement vaccin\u00e9es"},"content":{"rendered":"<div>\n<div style=\"margin-bottom:20px;\"><img loading=\"lazy\" decoding=\"async\" width=\"750\" height=\"430\" src=\"https:\/\/linitiative.ca\/International\/wp-content\/uploads\/sites\/23\/2021\/07\/bilan-fr-2.jpg\" class=\"attachment-post-thumbnail size-post-thumbnail wp-post-image\" alt=\"\" srcset=\"https:\/\/linitiative.ca\/International\/wp-content\/uploads\/sites\/23\/2021\/07\/bilan-fr-2.jpg 750w, http:\/\/www.mapmarrakech.ma\/map\/uploads\/2021\/07\/bilan-fr-2-300x172.jpg 300w\" sizes=\"auto, (max-width: 750px) 100vw, 750px\"><\/div>\n<p>Le nombre de primo-vaccin\u00e9s est de 10.317.807, alors que celui des personnes compl\u00e8tement vaccin\u00e9es (1\u00e8re et 2\u00e8me doses) s\u2019\u00e9l\u00e8ve \u00e0 9.213.535, a pr\u00e9cis\u00e9 le minist\u00e8re dans son bulletin quotidien sur la situation de la Covid-19.<\/p>\n<p>Les nouveaux cas portent \u00e0 538.589 le nombre total des contaminations depuis le premier cas signal\u00e9 au Maroc en mars 2020. Le nombre des personnes r\u00e9tablies est pass\u00e9 \u00e0 522.377, soit un taux de gu\u00e9rison de 97%.<\/p>\n<p>Les nouvelles contaminations ont \u00e9t\u00e9 recens\u00e9es dans les r\u00e9gions de Casablanca-Settat (511), Rabat-Sal\u00e9-K\u00e9nitra (231), Souss-Massa et Marrakech-Safi (181), Tanger-T\u00e9touan-Al Hoceima (58), F\u00e8s-Mekn\u00e8s (49), Dr\u00e2a-Tafilalet (34), B\u00e9ni Mellal-Kh\u00e9nifra (27), La\u00e2youne-Sakia El Hamra (24), l\u2019Oriental (22), Dakhla-Oued Eddahab (13) et Guelmim-Oued Noun (05).<\/p>\n<p>Quant aux d\u00e9c\u00e8s, leur nombre total est pass\u00e9 \u00e0 9.346 avec 5 nouveaux morts, enregistr\u00e9s dans les r\u00e9gions de Casablanca-Settat (01), Rabat-Sal\u00e9-K\u00e9nitra (01), Souss-Massa (02) et l\u2019Oriental (01).<\/p>\n<p>Les cas actifs sont au nombre de 6.866, tandis que les cas s\u00e9v\u00e8res ou critiques ont atteint 282, dont 12 plac\u00e9s sous intubation et 148 sous ventilation non invasive.<\/p>\n<p>The post <a rel=\"nofollow\" href=\"http:\/\/www.mapmarrakech.ma\/fr\/1-336-cas-plus-de-92-millions-de-personnes-completement-vaccinees\/\">1.336 cas, plus de 9,2 millions de personnes compl\u00e8tement vaccin\u00e9es<\/a> appeared first on <a rel=\"nofollow\" href=\"http:\/\/www.mapmarrakech.ma\/fr\">MapMarrakech<\/a>.<\/p>\n<\/div>\n<p>Auteur: Meriem IGASS<br \/>\n<a href=\"http:\/\/www.mapmarrakech.ma\/fr\/1-336-cas-plus-de-92-millions-de-personnes-completement-vaccinees\/\">Cliquez ici pour lire l&rsquo;article depuis sa source.<\/a><\/p>\n","protected":false},"excerpt":{"rendered":"<p>Le nombre de primo-vaccin\u00e9s est de 10.317.807, alors que celui des personnes compl\u00e8tement vaccin\u00e9es (1\u00e8re et 2\u00e8me doses) s\u2019\u00e9l\u00e8ve \u00e0 9.213.535, a pr\u00e9cis\u00e9 le minist\u00e8re dans son bulletin quotidien sur la situation de la Covid-19. Les nouveaux cas portent \u00e0 538.589 le nombre total des contaminations depuis le premier cas signal\u00e9 au Maroc en mars [&hellip;]<\/p>\n","protected":false},"author":1788,"featured_media":0,"comment_status":"closed","ping_status":"closed","sticky":false,"template":"","format":"standard","meta":{"fifu_image_url":"http:\/\/www.mapmarrakech.ma\/map\/uploads\/2021\/07\/bilan-fr-2.jpg","fifu_image_alt":"1.336 cas, plus de 9,2 millions de personnes compl\u00e8tement vaccin\u00e9es","footnotes":""},"categories":[54,76],"tags":[],"class_list":["post-120807","post","type-post","status-publish","format-standard","hentry","category-maroc","category-regions"],"_links":{"self":[{"href":"https:\/\/linitiative.ca\/International\/wp-json\/wp\/v2\/posts\/120807","targetHints":{"allow":["GET"]}}],"collection":[{"href":"https:\/\/linitiative.ca\/International\/wp-json\/wp\/v2\/posts"}],"about":[{"href":"https:\/\/linitiative.ca\/International\/wp-json\/wp\/v2\/types\/post"}],"author":[{"embeddable":true,"href":"https:\/\/linitiative.ca\/International\/wp-json\/wp\/v2\/users\/1788"}],"replies":[{"embeddable":true,"href":"https:\/\/linitiative.ca\/International\/wp-json\/wp\/v2\/comments?post=120807"}],"version-history":[{"count":0,"href":"https:\/\/linitiative.ca\/International\/wp-json\/wp\/v2\/posts\/120807\/revisions"}],"wp:attachment":[{"href":"https:\/\/linitiative.ca\/International\/wp-json\/wp\/v2\/media?parent=120807"}],"wp:term":[{"taxonomy":"category","embeddable":true,"href":"https:\/\/linitiative.ca\/International\/wp-json\/wp\/v2\/categories?post=120807"},{"taxonomy":"post_tag","embeddable":true,"href":"https:\/\/linitiative.ca\/International\/wp-json\/wp\/v2\/tags?post=120807"}],"curies":[{"name":"wp","href":"https:\/\/api.w.org\/{rel}","templated":true}]}}