{"id":120814,"date":"2021-07-08T09:15:25","date_gmt":"2021-07-08T13:15:25","guid":{"rendered":"https:\/\/linitiative.ca\/International\/les-siderurgistes-lancent-leur-observatoire\/"},"modified":"2021-07-08T09:15:25","modified_gmt":"2021-07-08T13:15:25","slug":"les-siderurgistes-lancent-leur-observatoire","status":"publish","type":"post","link":"https:\/\/linitiative.ca\/International\/les-siderurgistes-lancent-leur-observatoire\/","title":{"rendered":"Les sid\u00e9rurgistes lancent leur observatoire"},"content":{"rendered":"<div>\n<div class=\"field field-name-body field-type-text-with-summary field-label-hidden\">\n<div class=\"field-items\">\n<div class=\"field-item even\" property=\"content:encoded\">\n<p class=\"rtejustify\">L&rsquo;Association des sid\u00e9rurgistes du Maroc (ASM) a annonc\u00e9, mercredi, le lancement de\u00a0son Observatoire et la publication officielle des donn\u00e9es du secteur. Cet\u00a0organe d\u00e9di\u00e9 \u00e0 la consolidation de la vision \u00e9thique de l&rsquo;ASM, a\u00a0un r\u00f4le d&rsquo;agr\u00e9gateur de toutes les donn\u00e9es remont\u00e9es par les membres de l&rsquo;ASM aupr\u00e8s d&rsquo;une partie tierce, dans un souci de respect des codes de la charte d\u00e9ontologique de l&rsquo;Association, indique l&rsquo;ASM.<\/p>\n<\/div>\n<\/div>\n<\/div>\n<\/div>\n<p>Auteur: hgueye<br \/>\n<a href=\"https:\/\/www.leconomiste.com\/flash-infos\/les-siderurgistes-lancent-leur-observatoire\">Cliquez ici pour lire l&rsquo;article depuis sa source.<\/a><\/p>\n","protected":false},"excerpt":{"rendered":"<p>L&rsquo;Association des sid\u00e9rurgistes du Maroc (ASM) a annonc\u00e9, mercredi, le lancement de\u00a0son Observatoire et la publication officielle des donn\u00e9es du secteur. Cet\u00a0organe d\u00e9di\u00e9 \u00e0 la consolidation de la vision \u00e9thique de l&rsquo;ASM, a\u00a0un r\u00f4le d&rsquo;agr\u00e9gateur de toutes les donn\u00e9es remont\u00e9es par les membres de l&rsquo;ASM aupr\u00e8s d&rsquo;une partie tierce, dans un souci de respect des [&hellip;]<\/p>\n","protected":false},"author":1763,"featured_media":0,"comment_status":"closed","ping_status":"closed","sticky":false,"template":"","format":"standard","meta":{"fifu_image_url":"","fifu_image_alt":"","footnotes":""},"categories":[78,54],"tags":[],"class_list":["post-120814","post","type-post","status-publish","format-standard","hentry","category-economie","category-maroc"],"_links":{"self":[{"href":"https:\/\/linitiative.ca\/International\/wp-json\/wp\/v2\/posts\/120814","targetHints":{"allow":["GET"]}}],"collection":[{"href":"https:\/\/linitiative.ca\/International\/wp-json\/wp\/v2\/posts"}],"about":[{"href":"https:\/\/linitiative.ca\/International\/wp-json\/wp\/v2\/types\/post"}],"author":[{"embeddable":true,"href":"https:\/\/linitiative.ca\/International\/wp-json\/wp\/v2\/users\/1763"}],"replies":[{"embeddable":true,"href":"https:\/\/linitiative.ca\/International\/wp-json\/wp\/v2\/comments?post=120814"}],"version-history":[{"count":0,"href":"https:\/\/linitiative.ca\/International\/wp-json\/wp\/v2\/posts\/120814\/revisions"}],"wp:attachment":[{"href":"https:\/\/linitiative.ca\/International\/wp-json\/wp\/v2\/media?parent=120814"}],"wp:term":[{"taxonomy":"category","embeddable":true,"href":"https:\/\/linitiative.ca\/International\/wp-json\/wp\/v2\/categories?post=120814"},{"taxonomy":"post_tag","embeddable":true,"href":"https:\/\/linitiative.ca\/International\/wp-json\/wp\/v2\/tags?post=120814"}],"curies":[{"name":"wp","href":"https:\/\/api.w.org\/{rel}","templated":true}]}}