{"id":120815,"date":"2021-07-08T10:06:36","date_gmt":"2021-07-08T14:06:36","guid":{"rendered":"https:\/\/linitiative.ca\/International\/automobile-le-marche-poursuit-son-rattrapage\/"},"modified":"2021-07-08T10:06:36","modified_gmt":"2021-07-08T14:06:36","slug":"automobile-le-marche-poursuit-son-rattrapage","status":"publish","type":"post","link":"https:\/\/linitiative.ca\/International\/automobile-le-marche-poursuit-son-rattrapage\/","title":{"rendered":"Automobile: Le march\u00e9 poursuit son rattrapage"},"content":{"rendered":"<div>\n<div class=\"field field-name-body field-type-text-with-summary field-label-hidden\">\n<div class=\"field-items\">\n<div class=\"field-item even\" property=\"content:encoded\">\n<p class=\"rtejustify\">Le march\u00e9 automobile confirme ses performances du d\u00e9but de l&rsquo;ann\u00e9e. A fin juin dernier, les\u00a0ventes de voitures neuves ont atteint\u00a094.025 unit\u00e9s, en hausse 16,4% par rapport \u00e0 la m\u00eame p\u00e9riode au titre de 2019, a indiqu\u00e9, jeudi \u00e0 Casablanca, le pr\u00e9sident de l&rsquo;Association des importateurs de v\u00e9hicules automobiles au Maroc (AIVAM), Adil Bennani.<\/p>\n<\/div>\n<\/div>\n<\/div>\n<\/div>\n<p>Auteur: hgueye<br \/>\n<a href=\"https:\/\/www.leconomiste.com\/flash-infos\/automobile-le-marche-poursuit-son-rattrapage\">Cliquez ici pour lire l&rsquo;article depuis sa source.<\/a><\/p>\n","protected":false},"excerpt":{"rendered":"<p>Le march\u00e9 automobile confirme ses performances du d\u00e9but de l&rsquo;ann\u00e9e. A fin juin dernier, les\u00a0ventes de voitures neuves ont atteint\u00a094.025 unit\u00e9s, en hausse 16,4% par rapport \u00e0 la m\u00eame p\u00e9riode au titre de 2019, a indiqu\u00e9, jeudi \u00e0 Casablanca, le pr\u00e9sident de l&rsquo;Association des importateurs de v\u00e9hicules automobiles au Maroc (AIVAM), Adil Bennani. Auteur: hgueye [&hellip;]<\/p>\n","protected":false},"author":1763,"featured_media":0,"comment_status":"closed","ping_status":"closed","sticky":false,"template":"","format":"standard","meta":{"fifu_image_url":"","fifu_image_alt":"","footnotes":""},"categories":[78,54],"tags":[],"class_list":["post-120815","post","type-post","status-publish","format-standard","hentry","category-economie","category-maroc"],"_links":{"self":[{"href":"https:\/\/linitiative.ca\/International\/wp-json\/wp\/v2\/posts\/120815","targetHints":{"allow":["GET"]}}],"collection":[{"href":"https:\/\/linitiative.ca\/International\/wp-json\/wp\/v2\/posts"}],"about":[{"href":"https:\/\/linitiative.ca\/International\/wp-json\/wp\/v2\/types\/post"}],"author":[{"embeddable":true,"href":"https:\/\/linitiative.ca\/International\/wp-json\/wp\/v2\/users\/1763"}],"replies":[{"embeddable":true,"href":"https:\/\/linitiative.ca\/International\/wp-json\/wp\/v2\/comments?post=120815"}],"version-history":[{"count":0,"href":"https:\/\/linitiative.ca\/International\/wp-json\/wp\/v2\/posts\/120815\/revisions"}],"wp:attachment":[{"href":"https:\/\/linitiative.ca\/International\/wp-json\/wp\/v2\/media?parent=120815"}],"wp:term":[{"taxonomy":"category","embeddable":true,"href":"https:\/\/linitiative.ca\/International\/wp-json\/wp\/v2\/categories?post=120815"},{"taxonomy":"post_tag","embeddable":true,"href":"https:\/\/linitiative.ca\/International\/wp-json\/wp\/v2\/tags?post=120815"}],"curies":[{"name":"wp","href":"https:\/\/api.w.org\/{rel}","templated":true}]}}