{"id":120816,"date":"2021-07-08T10:38:40","date_gmt":"2021-07-08T14:38:40","guid":{"rendered":"https:\/\/linitiative.ca\/International\/nouvelle-prolongation-de-letat-durgence-sanitaire\/"},"modified":"2021-07-08T10:38:40","modified_gmt":"2021-07-08T14:38:40","slug":"nouvelle-prolongation-de-letat-durgence-sanitaire","status":"publish","type":"post","link":"https:\/\/linitiative.ca\/International\/nouvelle-prolongation-de-letat-durgence-sanitaire\/","title":{"rendered":"Nouvelle prolongation de l&rsquo;\u00e9tat d&rsquo;urgence sanitaire"},"content":{"rendered":"<div>\n<div class=\"field field-name-body field-type-text-with-summary field-label-hidden\">\n<div class=\"field-items\">\n<div class=\"field-item even\" property=\"content:encoded\">\n<p class=\"rtejustify\">Comme attendu, le Conseil de gouvernement, r\u00e9uni jeudi \u00e0 Rabat, a d\u00e9cid\u00e9 de prolonger l\u2019\u00e9tat d\u2019urgence sanitaire sur l\u2019ensemble du territoire national jusqu\u2019au 10 ao\u00fbt 2021. Cette d\u00e9cision\u00a0rentre dans le cadre des efforts de lutte contre la propagation de la pand\u00e9mie du nouveau coronavirus (Covid-19).<\/p>\n<p class=\"rtejustify\">\u00a0<\/p>\n<\/div>\n<\/div>\n<\/div>\n<\/div>\n<p>Auteur: hgueye<br \/>\n<a href=\"https:\/\/www.leconomiste.com\/flash-infos\/nouvelle-prolongation-de-l-etat-d-urgence-sanitaire-0\">Cliquez ici pour lire l&rsquo;article depuis sa source.<\/a><\/p>\n","protected":false},"excerpt":{"rendered":"<p>Comme attendu, le Conseil de gouvernement, r\u00e9uni jeudi \u00e0 Rabat, a d\u00e9cid\u00e9 de prolonger l\u2019\u00e9tat d\u2019urgence sanitaire sur l\u2019ensemble du territoire national jusqu\u2019au 10 ao\u00fbt 2021. Cette d\u00e9cision\u00a0rentre dans le cadre des efforts de lutte contre la propagation de la pand\u00e9mie du nouveau coronavirus (Covid-19). \u00a0 Auteur: hgueye Cliquez ici pour lire l&rsquo;article depuis sa [&hellip;]<\/p>\n","protected":false},"author":1763,"featured_media":0,"comment_status":"closed","ping_status":"closed","sticky":false,"template":"","format":"standard","meta":{"fifu_image_url":"","fifu_image_alt":"","footnotes":""},"categories":[78,54],"tags":[],"class_list":["post-120816","post","type-post","status-publish","format-standard","hentry","category-economie","category-maroc"],"_links":{"self":[{"href":"https:\/\/linitiative.ca\/International\/wp-json\/wp\/v2\/posts\/120816","targetHints":{"allow":["GET"]}}],"collection":[{"href":"https:\/\/linitiative.ca\/International\/wp-json\/wp\/v2\/posts"}],"about":[{"href":"https:\/\/linitiative.ca\/International\/wp-json\/wp\/v2\/types\/post"}],"author":[{"embeddable":true,"href":"https:\/\/linitiative.ca\/International\/wp-json\/wp\/v2\/users\/1763"}],"replies":[{"embeddable":true,"href":"https:\/\/linitiative.ca\/International\/wp-json\/wp\/v2\/comments?post=120816"}],"version-history":[{"count":0,"href":"https:\/\/linitiative.ca\/International\/wp-json\/wp\/v2\/posts\/120816\/revisions"}],"wp:attachment":[{"href":"https:\/\/linitiative.ca\/International\/wp-json\/wp\/v2\/media?parent=120816"}],"wp:term":[{"taxonomy":"category","embeddable":true,"href":"https:\/\/linitiative.ca\/International\/wp-json\/wp\/v2\/categories?post=120816"},{"taxonomy":"post_tag","embeddable":true,"href":"https:\/\/linitiative.ca\/International\/wp-json\/wp\/v2\/tags?post=120816"}],"curies":[{"name":"wp","href":"https:\/\/api.w.org\/{rel}","templated":true}]}}