{"id":120817,"date":"2021-07-08T10:45:23","date_gmt":"2021-07-08T14:45:23","guid":{"rendered":"https:\/\/linitiative.ca\/International\/organisation-judiciaire-larticle-14-du-projet-de-loi-amende\/"},"modified":"2021-07-08T10:45:23","modified_gmt":"2021-07-08T14:45:23","slug":"organisation-judiciaire-larticle-14-du-projet-de-loi-amende","status":"publish","type":"post","link":"https:\/\/linitiative.ca\/International\/organisation-judiciaire-larticle-14-du-projet-de-loi-amende\/","title":{"rendered":"Organisation judiciaire: L&rsquo;article 14 du projet de loi amend\u00e9"},"content":{"rendered":"<div>\n<div class=\"field field-name-body field-type-text-with-summary field-label-hidden\">\n<div class=\"field-items\">\n<div class=\"field-item even\" property=\"content:encoded\">\n<p class=\"rtejustify\">Apr\u00e8s avoir suscit\u00e9 la pol\u00e9mique chez les avocats, l&rsquo;article 14 du projet de loi sur l&rsquo;organisation judiciaire a \u00e9t\u00e9 amend\u00e9. La Commission Justice et L\u00e9gislation de la premi\u00e8re chambre a en effet\u00a0statu\u00e9 hier concernant cet article.\u00a0Le texte initial imposait la traduction en arabe par un traducteur asserment\u00e9 de toutes les pi\u00e8ces produites dans le cadre d\u2019une proc\u00e9dure, \u00ab\u00a0\u00e0 moins que la juridiction en d\u00e9cide autrement\u00a0\u00bb. Mais, un changement a \u00e9t\u00e9 apport\u00e9.<\/p>\n<\/div>\n<\/div>\n<\/div>\n<\/div>\n<p>Auteur: hgueye<br \/>\n<a href=\"https:\/\/www.leconomiste.com\/flash-infos\/organisation-judiciaire-l-article-14-du-projet-de-loi-amende\">Cliquez ici pour lire l&rsquo;article depuis sa source.<\/a><\/p>\n","protected":false},"excerpt":{"rendered":"<p>Apr\u00e8s avoir suscit\u00e9 la pol\u00e9mique chez les avocats, l&rsquo;article 14 du projet de loi sur l&rsquo;organisation judiciaire a \u00e9t\u00e9 amend\u00e9. La Commission Justice et L\u00e9gislation de la premi\u00e8re chambre a en effet\u00a0statu\u00e9 hier concernant cet article.\u00a0Le texte initial imposait la traduction en arabe par un traducteur asserment\u00e9 de toutes les pi\u00e8ces produites dans le cadre [&hellip;]<\/p>\n","protected":false},"author":1763,"featured_media":0,"comment_status":"closed","ping_status":"closed","sticky":false,"template":"","format":"standard","meta":{"fifu_image_url":"","fifu_image_alt":"","footnotes":""},"categories":[78,54],"tags":[],"class_list":["post-120817","post","type-post","status-publish","format-standard","hentry","category-economie","category-maroc"],"_links":{"self":[{"href":"https:\/\/linitiative.ca\/International\/wp-json\/wp\/v2\/posts\/120817","targetHints":{"allow":["GET"]}}],"collection":[{"href":"https:\/\/linitiative.ca\/International\/wp-json\/wp\/v2\/posts"}],"about":[{"href":"https:\/\/linitiative.ca\/International\/wp-json\/wp\/v2\/types\/post"}],"author":[{"embeddable":true,"href":"https:\/\/linitiative.ca\/International\/wp-json\/wp\/v2\/users\/1763"}],"replies":[{"embeddable":true,"href":"https:\/\/linitiative.ca\/International\/wp-json\/wp\/v2\/comments?post=120817"}],"version-history":[{"count":0,"href":"https:\/\/linitiative.ca\/International\/wp-json\/wp\/v2\/posts\/120817\/revisions"}],"wp:attachment":[{"href":"https:\/\/linitiative.ca\/International\/wp-json\/wp\/v2\/media?parent=120817"}],"wp:term":[{"taxonomy":"category","embeddable":true,"href":"https:\/\/linitiative.ca\/International\/wp-json\/wp\/v2\/categories?post=120817"},{"taxonomy":"post_tag","embeddable":true,"href":"https:\/\/linitiative.ca\/International\/wp-json\/wp\/v2\/tags?post=120817"}],"curies":[{"name":"wp","href":"https:\/\/api.w.org\/{rel}","templated":true}]}}