{"id":120821,"date":"2021-07-08T05:17:00","date_gmt":"2021-07-08T09:17:00","guid":{"rendered":"https:\/\/linitiative.ca\/International\/psg-ramos-cest-signe-officiel\/"},"modified":"2021-07-08T05:17:00","modified_gmt":"2021-07-08T09:17:00","slug":"psg-ramos-cest-signe-officiel","status":"publish","type":"post","link":"https:\/\/linitiative.ca\/International\/psg-ramos-cest-signe-officiel\/","title":{"rendered":"PSG: Ramos, c&rsquo;est sign\u00e9 ! (officiel)"},"content":{"rendered":"<div>le natif de Camas repr\u00e9sente la troisi\u00e8me recrue estivale du vice-champion de France&#8230;<img loading=\"lazy\" decoding=\"async\" src=\"http:\/\/feeds.feedburner.com\/~r\/GalerieFArtciles\/~4\/B_nR6qIC9zM\" height=\"1\" width=\"1\" alt=\"\"><\/div>\n<p>Auteur:<br \/>\n<a href=\"http:\/\/www.lebuteur.com\/article\/detail?titre=psg-ramos-cest-signe-officiel&#038;id=100576&#038;utm_source=feedburner&#038;utm_medium=feed&#038;utm_campaign=Feed%3A+GalerieFArtciles+%28Les+derniers+articles++-+lebuteur.com%29\">Cliquez ici pour lire l&rsquo;article depuis sa source.<\/a><\/p>\n","protected":false},"excerpt":{"rendered":"<p>le natif de Camas repr\u00e9sente la troisi\u00e8me recrue estivale du vice-champion de France&#8230; Auteur: Cliquez ici pour lire l&rsquo;article depuis sa source.<\/p>\n","protected":false},"author":1738,"featured_media":0,"comment_status":"closed","ping_status":"closed","sticky":false,"template":"","format":"standard","meta":{"fifu_image_url":"http:\/\/feeds.feedburner.com\/~r\/GalerieFArtciles\/~4\/B_nR6qIC9zM","fifu_image_alt":"<div>PSG: Ramos, c'est sign\u00e9 ! (officiel)<\/div>","footnotes":""},"categories":[53,75],"tags":[],"class_list":["post-120821","post","type-post","status-publish","format-standard","hentry","category-algerie","category-sport"],"_links":{"self":[{"href":"https:\/\/linitiative.ca\/International\/wp-json\/wp\/v2\/posts\/120821","targetHints":{"allow":["GET"]}}],"collection":[{"href":"https:\/\/linitiative.ca\/International\/wp-json\/wp\/v2\/posts"}],"about":[{"href":"https:\/\/linitiative.ca\/International\/wp-json\/wp\/v2\/types\/post"}],"author":[{"embeddable":true,"href":"https:\/\/linitiative.ca\/International\/wp-json\/wp\/v2\/users\/1738"}],"replies":[{"embeddable":true,"href":"https:\/\/linitiative.ca\/International\/wp-json\/wp\/v2\/comments?post=120821"}],"version-history":[{"count":0,"href":"https:\/\/linitiative.ca\/International\/wp-json\/wp\/v2\/posts\/120821\/revisions"}],"wp:attachment":[{"href":"https:\/\/linitiative.ca\/International\/wp-json\/wp\/v2\/media?parent=120821"}],"wp:term":[{"taxonomy":"category","embeddable":true,"href":"https:\/\/linitiative.ca\/International\/wp-json\/wp\/v2\/categories?post=120821"},{"taxonomy":"post_tag","embeddable":true,"href":"https:\/\/linitiative.ca\/International\/wp-json\/wp\/v2\/tags?post=120821"}],"curies":[{"name":"wp","href":"https:\/\/api.w.org\/{rel}","templated":true}]}}