{"id":120824,"date":"2021-07-08T05:49:51","date_gmt":"2021-07-08T09:49:51","guid":{"rendered":"https:\/\/linitiative.ca\/International\/reconduction-de-15-ministres-sortants\/"},"modified":"2021-07-08T05:49:51","modified_gmt":"2021-07-08T09:49:51","slug":"reconduction-de-15-ministres-sortants","status":"publish","type":"post","link":"https:\/\/linitiative.ca\/International\/reconduction-de-15-ministres-sortants\/","title":{"rendered":"Reconduction de 15\u00a0ministres sortants"},"content":{"rendered":"<div>\n<div class=\"sriret\"><img decoding=\"async\" src=\"https:\/\/linitiative.ca\/International\/wp-content\/uploads\/sites\/23\/2021\/07\/default-picture-709x366_c-3.jpg\"><\/div>\n<p class=\"p2\"><span class=\"s2\"><b>L<\/b><\/span><span class=\"s2\">e pr\u00e9sident de la R\u00e9publique, Abdelmadjid Tebboune, a nomm\u00e9, hier, les membres du nouveau gouvernement que dirige le Premier ministre, A\u00efmen Benabderrahmane, lequel, c\u2019est une premi\u00e8re du genre, conserve le poste de ministre des Finances qu\u2019il occupait avant sa d\u00e9signation \u00e0 la t\u00eate de l\u2019Ex\u00e9cutif.<\/span><\/p>\n<p class=\"p2\"><span class=\"s2\">D\u2019ailleurs, il n\u2019est pas le seul \u00e0 garder son portefeuille minist\u00e9riel. Plusieurs personnalit\u00e9s sortantes ont \u00e9t\u00e9 reconduites. La nouvelle \u00e9quipe gouvernementale est, certes, restreinte, mais reste toujours \u00e9toff\u00e9e\u00a0: le nouveau gouvernement est compos\u00e9 de 34 ministres, 15 d\u2019entre eux, soit pr\u00e8s de la moiti\u00e9, ont \u00e9t\u00e9 maintenus.<\/span><\/p>\n<p class=\"p2\"><span class=\"s2\">Kamel Rezig, qui a marqu\u00e9 de son empreinte le d\u00e9partement du Commerce en raison de certaines de ces maladresses, garde son poste. Mieux, on lui a attribu\u00e9 \u00e9galement le secteur de la Promotion des exportations.<\/span><\/p>\n<p class=\"p2\"><span class=\"s2\">Les derni\u00e8res d\u00e9clarations de Rezig concernant la \u00abcriminalisation\u00bb de l\u2019usage de toute autre langue que l\u2019arabe sur les enseignes commerciales ont provoqu\u00e9 de vives r\u00e9actions. Sans omettre la crise du lait et de l\u2019huile. Kamel Beldjoud garde \u00e9galement son poste de ministre de l\u2019Int\u00e9rieur, des Collectivit\u00e9s locales et de l\u2019Am\u00e9nagement du territoire, de m\u00eame que Abderrahmane Benbouzid qui reste au d\u00e9partement de la Sant\u00e9 et de la R\u00e9forme hospitali\u00e8re.<\/span><\/p>\n<p class=\"p2\"><span class=\"s2\">Selon certaines sources, le maintien de M. Benbouzid \u00e9tait pr\u00e9visible et attendu au regard de la crise sanitaire due \u00e0 la pand\u00e9mie de Covid-19 qui est toujours d\u2019actualit\u00e9. Il \u00e9tait infructueux, nous explique-t-on, d\u2019op\u00e9rer un changement \u00e0 la t\u00eate de ce secteur en ces temps de crise.<\/span><\/p>\n<p class=\"p2\"><span class=\"s2\">M.\u00a0Benbouzid a \u00e9t\u00e9 install\u00e9 au poste de ministre peu de mois avant le d\u00e9but de la pand\u00e9mie d\u2019o\u00f9 l\u2019importance, nous dit-on, de son maintien. Lotfi Benbahmed, ministre de l\u2019Industrie pharmaceutique, qui a promis de \u00abr\u00e9volutionner\u00bb le secteur, garde lui aussi son portefeuille. Le ministre de la Communication, Ammar Belhimer, qui a la haute main sur les m\u00e9dias, reste \u00e0 son poste, de m\u00eame pour Mohamed Arkab, ministre de l\u2019Energie et des Mines.<\/span><\/p>\n<p class=\"p2\"><span class=\"s2\">Mohamed Tarek Belarbi garde son poste de ministre de l\u2019Habitat. Ce dernier, un proche de Tebboune, \u00e9tait avant sa d\u00e9signation au poste de ministre directeur g\u00e9n\u00e9ral de l\u2019AADL.<\/span><\/p>\n<p class=\"p2\"><span class=\"s2\">L\u2019autre personnalit\u00e9 qui garde son poste est Abdelhamdi Hamdani, ministre de l\u2019Agriculture et du D\u00e9veloppement rural. D\u2019apr\u00e8s son entourage, il a tent\u00e9 depuis sa nomination de \u00abredynamiser\u00bb un secteur confront\u00e9 \u00e0 de multiples probl\u00e8mes. M<sup>me<\/sup>\u00a0Krikou reste au gouvernement et garde son poste de ministre de la Solidarit\u00e9 nationale, de la Famille et de la Condition de la femme.<\/span><\/p>\n<p class=\"p2\"><span class=\"s2\">Le minist\u00e8re des Affaires religieuses et des Wakfs, tr\u00e8s convoit\u00e9 par les partis de la mouvance islamiste, n\u2019a pas chang\u00e9 de main puisque Youcef Belmehdi est maintenu. De m\u00eame pour le poste de l\u2019Enseignement sup\u00e9rieur et de la Recherche scientifique qui reste entre les mains de Abdelbaki Benziane.\u00a0<\/span><\/p>\n<p>L\u2019article <a rel=\"nofollow\" href=\"https:\/\/www.elwatan.com\/edition\/actualite\/reconduction-de-15-ministres-sortants-08-07-2021\">Reconduction de 15\u00a0ministres sortants<\/a> est apparu en premier sur <a rel=\"nofollow\" href=\"https:\/\/www.elwatan.com\/\">El Watan<\/a>.<\/p>\n<\/div>\n<p>Auteur: Anis Khecheba<br \/>\n<a href=\"https:\/\/www.elwatan.com\/edition\/actualite\/reconduction-de-15-ministres-sortants-08-07-2021\">Cliquez ici pour lire l&rsquo;article depuis sa source.<\/a><\/p>\n","protected":false},"excerpt":{"rendered":"<p>Le pr\u00e9sident de la R\u00e9publique, Abdelmadjid Tebboune, a nomm\u00e9, hier, les membres du nouveau gouvernement que dirige le Premier ministre, A\u00efmen Benabderrahmane, lequel, c\u2019est une premi\u00e8re du genre, conserve le poste de ministre des Finances qu\u2019il occupait avant sa d\u00e9signation \u00e0 la t\u00eate de l\u2019Ex\u00e9cutif. D\u2019ailleurs, il n\u2019est pas le seul \u00e0 garder son portefeuille [&hellip;]<\/p>\n","protected":false},"author":1743,"featured_media":0,"comment_status":"closed","ping_status":"closed","sticky":false,"template":"","format":"standard","meta":{"fifu_image_url":"https:\/\/www.elwatan.com\/wp-content\/themes\/spectr\/img\/default-picture-709x366_c.jpg","fifu_image_alt":"Reconduction de 15\u00a0ministres sortants","footnotes":""},"categories":[73,53],"tags":[],"class_list":["post-120824","post","type-post","status-publish","format-standard","hentry","category-actualite","category-algerie"],"_links":{"self":[{"href":"https:\/\/linitiative.ca\/International\/wp-json\/wp\/v2\/posts\/120824","targetHints":{"allow":["GET"]}}],"collection":[{"href":"https:\/\/linitiative.ca\/International\/wp-json\/wp\/v2\/posts"}],"about":[{"href":"https:\/\/linitiative.ca\/International\/wp-json\/wp\/v2\/types\/post"}],"author":[{"embeddable":true,"href":"https:\/\/linitiative.ca\/International\/wp-json\/wp\/v2\/users\/1743"}],"replies":[{"embeddable":true,"href":"https:\/\/linitiative.ca\/International\/wp-json\/wp\/v2\/comments?post=120824"}],"version-history":[{"count":0,"href":"https:\/\/linitiative.ca\/International\/wp-json\/wp\/v2\/posts\/120824\/revisions"}],"wp:attachment":[{"href":"https:\/\/linitiative.ca\/International\/wp-json\/wp\/v2\/media?parent=120824"}],"wp:term":[{"taxonomy":"category","embeddable":true,"href":"https:\/\/linitiative.ca\/International\/wp-json\/wp\/v2\/categories?post=120824"},{"taxonomy":"post_tag","embeddable":true,"href":"https:\/\/linitiative.ca\/International\/wp-json\/wp\/v2\/tags?post=120824"}],"curies":[{"name":"wp","href":"https:\/\/api.w.org\/{rel}","templated":true}]}}