{"id":120826,"date":"2021-07-08T05:50:14","date_gmt":"2021-07-08T09:50:14","guid":{"rendered":"https:\/\/linitiative.ca\/International\/depart-de-zeghmati-et-retour-de-lamamra\/"},"modified":"2021-07-08T05:50:14","modified_gmt":"2021-07-08T09:50:14","slug":"depart-de-zeghmati-et-retour-de-lamamra","status":"publish","type":"post","link":"https:\/\/linitiative.ca\/International\/depart-de-zeghmati-et-retour-de-lamamra\/","title":{"rendered":"D\u00e9part de Zeghmati et retour de Lamamra"},"content":{"rendered":"<div>\n<div class=\"sriret\"><img loading=\"lazy\" decoding=\"async\" width=\"940\" height=\"579\" src=\"https:\/\/linitiative.ca\/International\/wp-content\/uploads\/sites\/23\/2021\/07\/Salle-de-conseil-des-ministres.jpg\" class=\"attachment-featured_large size-featured_large wp-post-image\" alt=\"\" style=\"margin-bottom: 15px;\" srcset=\"https:\/\/linitiative.ca\/International\/wp-content\/uploads\/sites\/23\/2021\/07\/Salle-de-conseil-des-ministres.jpg 940w, https:\/\/www.elwatan.com\/wp-content\/uploads\/2021\/07\/Salle-de-conseil-des-ministres-300x185.jpg 300w, https:\/\/www.elwatan.com\/wp-content\/uploads\/2021\/07\/Salle-de-conseil-des-ministres-768x473.jpg 768w\" sizes=\"auto, (max-width: 940px) 100vw, 940px\"><\/div>\n<p class=\"p4\"><span class=\"s2\"><b>La liste des membres du nouveau gouvernement men\u00e9 par le Premier ministre, A\u00efmen Benabderrahmane, a \u00e9t\u00e9 rendue publique hier et conna\u00eet notamment le retour de l\u2019ancien ministre des Affaires \u00e9trang\u00e8res sous Bouteflika, Ramtane Lamamra, sans doute avec la mission de redynamiser la diplomatie alg\u00e9rienne dans un contexte r\u00e9gional en mouvement.<\/b><\/span><\/p>\n<p class=\"p4\"><span class=\"s2\"><b>L<\/b><\/span><span class=\"s2\">a pr\u00e9sidence de la R\u00e9publique a annonc\u00e9, hier, la composition du gouvernement d\u2019A\u00efmen Benabderrahmane, nomm\u00e9 comme Premier ministre il y a une semaine. Outre le fait que ce dernier a h\u00e9rit\u00e9 \u00e9galement du d\u00e9partement des Finances, cumulant ainsi les deux postes, les plus importants changements concernent les minist\u00e8res des Affaires \u00e9trang\u00e8res et de la Justice.<\/span><\/p>\n<p class=\"p7\"><span class=\"s2\">A cet effet, c\u2019est Ramtane Lamamra qui est d\u00e9sormais le chef de la diplomatie alg\u00e9rienne en lieu et place de Sabri Boukadoum, dont le nom avait circul\u00e9, au lendemain des l\u00e9gislatives du 12 juin, pour remplacer Abdelaziz Djerad. Par ailleurs, le d\u00e9partement de la Justice est revenu \u00e0 Abderrachid Tebbi, premier pr\u00e9sident de la Cour supr\u00eame, qui remplace Belkacem Zeghmati dont le d\u00e9part n\u2019\u00e9tait pas attendu.<\/span><\/p>\n<p class=\"p7\"><span class=\"s2\">Dans un gouvernement r\u00e9duit de quelques minist\u00e8res par rapport au pr\u00e9c\u00e9dant, la part des membres de l\u2019Ex\u00e9cutif issus des partis politiques et groupe des ind\u00e9pendants sortis victorieux des r\u00e9centes l\u00e9gislatives n\u2019est finalement pas pr\u00e9pond\u00e9rante.<\/span><\/p>\n<p class=\"p7\"><span class=\"s2\">Exception faite pour le Mouvement de la soci\u00e9t\u00e9 pour la paix (MSP), arriv\u00e9 \u00e0 la troisi\u00e8me position \u00e0 l\u2019\u00e9lection du 12 juin, qui avait refus\u00e9 de prendre part au gouvernement, tous les autres (FLN, ind\u00e9pendants, RND, El Moustakbal et El Bina) avaient exprim\u00e9 leur pr\u00e9disposition \u00e0 y participer.<\/span><\/p>\n<p class=\"p7\"><span class=\"s2\">Ainsi, beaucoup de ministres du gouvernement Djerad ont \u00e9t\u00e9 maintenus \u00e0 leur poste, \u00e0 l\u2019image de ceux de l\u2019Int\u00e9rieur, Kamel Beldjoud, du Commerce, Kamel Rezig, de la Sant\u00e9, Abderrahmane Benbouzid, de la Communication, Ammar Belhimer, de l\u2019Energie, Mohamed Arkab, ou bien celui de l\u2019Industrie pharmaceutique, Lotfi Benbahmed. En somme, les postes-cl\u00e9s ont \u00e9t\u00e9 attribu\u00e9s \u00e0 des technocrates.<\/span><\/p>\n<p class=\"p7\"><strong><span class=\"s2\">Changement d\u2019approche\u00a0?<\/span><\/strong><\/p>\n<p class=\"p8\"><span class=\"s2\">Le pr\u00e9sident du MSP, Abderrazak Makri, avait expliqu\u00e9 la position de son parti de ne pas participer \u00e0 ce gouvernement par le fait que ce qui lui a \u00e9t\u00e9 propos\u00e9 \u00e9tait <i>\u00aben de\u00e7\u00e0 de ses attentes\u00bb<\/i>.<\/span><\/p>\n<p class=\"p7\"><span class=\"s2\">C\u2019est le retour surtout de Ramtane Lamamra qui est \u00e0 signaler. Celui-ci a d\u00e9j\u00e0 eu \u00e0 occuper ce poste entre 2013 et 2017. Il y revient, en mars 2019, mais en tant que vice-Premier ministre, c\u2019est-\u00e0-dire moins d\u2019un mois apr\u00e8s le d\u00e9but du hirak. Mais ce passage ne dure que quelques jours. Il est de notori\u00e9t\u00e9 que Lamamra est \u00abappel\u00e9 \u00e0 la rescousse\u00bb lorsque la situation sur le plan r\u00e9gional est d\u00e9licate.<\/span><\/p>\n<p class=\"p7\"><span class=\"s2\">L\u2019autre d\u00e9part largement comment\u00e9 par les Alg\u00e9riens est celui de Belkacem Zeghmati\u00a0: arriv\u00e9 \u00e0 la t\u00eate du minist\u00e8re de la Justice en mars 2019, son passage a \u00e9t\u00e9 marqu\u00e9 par la gestion du dossier des affaires de corruption, touchant les proches et des ministres de l\u2019ancien pr\u00e9sident Abdelaziz Bouteflika, mais aussi par un durcissement de l\u2019arsenal juridique, consid\u00e9r\u00e9 par des avocats et d\u00e9fenseurs des droits de l\u2019homme comme attentatoire aux libert\u00e9s. Des dizaines d\u2019arrestations d\u2019activistes et de militants ont eu lieu \u00e9galement.<\/span><\/p>\n<p class=\"p7\"><span class=\"s2\">Son remplacement par Abderrachid Tebbi annonce-t-il un changement d\u2019approche\u00a0? Trop t\u00f4t pour le dire, m\u00eame si certains attribuent \u00e0 ce dernier une attitude oppos\u00e9e \u00e0 celle du ministre partant. <\/span><\/p>\n<p class=\"p7\"><span class=\"s2\">Dans tous les cas de figure, globalement, et hormis pour les cas des d\u00e9partements de la Justice et des Affaires \u00e9trang\u00e8res, les autres ministres \u00abimportants\u00bb sont maintenus dans le gouvernement A\u00efmen Benabderrahmane.\u00a0<\/span><\/p>\n<p>L\u2019article <a rel=\"nofollow\" href=\"https:\/\/www.elwatan.com\/edition\/actualite\/depart-de-zeghmati-et-retour-de-lamamra-08-07-2021\">D\u00e9part de Zeghmati et retour de Lamamra<\/a> est apparu en premier sur <a rel=\"nofollow\" href=\"https:\/\/www.elwatan.com\/\">El Watan<\/a>.<\/p>\n<\/div>\n<p>Auteur: Anis Khecheba<br \/>\n<a href=\"https:\/\/www.elwatan.com\/edition\/actualite\/depart-de-zeghmati-et-retour-de-lamamra-08-07-2021\">Cliquez ici pour lire l&rsquo;article depuis sa source.<\/a><\/p>\n","protected":false},"excerpt":{"rendered":"<p>La liste des membres du nouveau gouvernement men\u00e9 par le Premier ministre, A\u00efmen Benabderrahmane, a \u00e9t\u00e9 rendue publique hier et conna\u00eet notamment le retour de l\u2019ancien ministre des Affaires \u00e9trang\u00e8res sous Bouteflika, Ramtane Lamamra, sans doute avec la mission de redynamiser la diplomatie alg\u00e9rienne dans un contexte r\u00e9gional en mouvement. La pr\u00e9sidence de la R\u00e9publique [&hellip;]<\/p>\n","protected":false},"author":1743,"featured_media":0,"comment_status":"closed","ping_status":"closed","sticky":false,"template":"","format":"standard","meta":{"fifu_image_url":"https:\/\/www.elwatan.com\/wp-content\/uploads\/2021\/07\/Salle-de-conseil-des-ministres.jpg","fifu_image_alt":"D\u00e9part de Zeghmati et retour de Lamamra","footnotes":""},"categories":[73,53],"tags":[],"class_list":["post-120826","post","type-post","status-publish","format-standard","hentry","category-actualite","category-algerie"],"_links":{"self":[{"href":"https:\/\/linitiative.ca\/International\/wp-json\/wp\/v2\/posts\/120826","targetHints":{"allow":["GET"]}}],"collection":[{"href":"https:\/\/linitiative.ca\/International\/wp-json\/wp\/v2\/posts"}],"about":[{"href":"https:\/\/linitiative.ca\/International\/wp-json\/wp\/v2\/types\/post"}],"author":[{"embeddable":true,"href":"https:\/\/linitiative.ca\/International\/wp-json\/wp\/v2\/users\/1743"}],"replies":[{"embeddable":true,"href":"https:\/\/linitiative.ca\/International\/wp-json\/wp\/v2\/comments?post=120826"}],"version-history":[{"count":0,"href":"https:\/\/linitiative.ca\/International\/wp-json\/wp\/v2\/posts\/120826\/revisions"}],"wp:attachment":[{"href":"https:\/\/linitiative.ca\/International\/wp-json\/wp\/v2\/media?parent=120826"}],"wp:term":[{"taxonomy":"category","embeddable":true,"href":"https:\/\/linitiative.ca\/International\/wp-json\/wp\/v2\/categories?post=120826"},{"taxonomy":"post_tag","embeddable":true,"href":"https:\/\/linitiative.ca\/International\/wp-json\/wp\/v2\/tags?post=120826"}],"curies":[{"name":"wp","href":"https:\/\/api.w.org\/{rel}","templated":true}]}}