{"id":120830,"date":"2021-07-08T10:12:11","date_gmt":"2021-07-08T14:12:11","guid":{"rendered":"https:\/\/linitiative.ca\/International\/el-tarf-deux-adolescents-meurent-noyes-dans-une-fosse\/"},"modified":"2021-07-08T10:12:11","modified_gmt":"2021-07-08T14:12:11","slug":"el-tarf-deux-adolescents-meurent-noyes-dans-une-fosse","status":"publish","type":"post","link":"https:\/\/linitiative.ca\/International\/el-tarf-deux-adolescents-meurent-noyes-dans-une-fosse\/","title":{"rendered":"El Tarf : Deux adolescents meurent noy\u00e9s dans une fosse"},"content":{"rendered":"<div>\n<div class=\"sriret\"><img decoding=\"async\" src=\"https:\/\/linitiative.ca\/International\/wp-content\/uploads\/sites\/23\/2021\/07\/default-picture-709x366_c-4.jpg\"><\/div>\n<p>Un drame s\u2019est produit ce matin dans la petite localit\u00e9 de Bensebti \u00e0 5 km \u00e0 l\u2019est du chef-lieu de El Tarf.<\/p>\n<p>Deux adolescents, \u00e2g\u00e9s de 13 et 16 ans, qui sont all\u00e9s se baigner dans une fosse de chantier face au village, ont rendu l\u2019\u00e2me \u00e0 l\u2019h\u00f4pital o\u00f9 ils ont \u00e9t\u00e9 \u00e9vacu\u00e9s dans un \u00e9tat extr\u00eamement grave, nous apprend un communiqu\u00e9 de la protection civile.<\/p>\n<p>Leur sauveteur \u00e2g\u00e9s de 31 ans lui aussi \u00e9vacu\u00e9 \u00e0 pu s\u2019en sortir.<\/p>\n<p>Le drame qui s\u2019est produit vers midi \u00e0 boulevers\u00e9 la petite communaut\u00e9 de Bensebti.<\/p>\n<p>La fosse dans laquelle sont all\u00e9s jouer les deux gar\u00e7ons est une excavation dans un chantier.<\/p>\n<p>L\u2019article <a rel=\"nofollow\" href=\"https:\/\/www.elwatan.com\/regions\/est\/actu-est\/el-tarf-deux-adolescents-meurent-noyes-dans-une-fosse-08-07-2021\">El Tarf : Deux adolescents meurent noy\u00e9s dans une fosse<\/a> est apparu en premier sur <a rel=\"nofollow\" href=\"https:\/\/www.elwatan.com\/\">El Watan<\/a>.<\/p>\n<\/div>\n<p>Auteur: Mohand Yahiaoui<br \/>\n<a href=\"https:\/\/www.elwatan.com\/regions\/est\/actu-est\/el-tarf-deux-adolescents-meurent-noyes-dans-une-fosse-08-07-2021\">Cliquez ici pour lire l&rsquo;article depuis sa source.<\/a><\/p>\n","protected":false},"excerpt":{"rendered":"<p>Un drame s\u2019est produit ce matin dans la petite localit\u00e9 de Bensebti \u00e0 5 km \u00e0 l\u2019est du chef-lieu de El Tarf. Deux adolescents, \u00e2g\u00e9s de 13 et 16 ans, qui sont all\u00e9s se baigner dans une fosse de chantier face au village, ont rendu l\u2019\u00e2me \u00e0 l\u2019h\u00f4pital o\u00f9 ils ont \u00e9t\u00e9 \u00e9vacu\u00e9s dans un [&hellip;]<\/p>\n","protected":false},"author":1743,"featured_media":0,"comment_status":"closed","ping_status":"closed","sticky":false,"template":"","format":"standard","meta":{"fifu_image_url":"https:\/\/www.elwatan.com\/wp-content\/themes\/spectr\/img\/default-picture-709x366_c.jpg","fifu_image_alt":"El Tarf : Deux adolescents meurent noy\u00e9s dans une fosse","footnotes":""},"categories":[73,53],"tags":[],"class_list":["post-120830","post","type-post","status-publish","format-standard","hentry","category-actualite","category-algerie"],"_links":{"self":[{"href":"https:\/\/linitiative.ca\/International\/wp-json\/wp\/v2\/posts\/120830","targetHints":{"allow":["GET"]}}],"collection":[{"href":"https:\/\/linitiative.ca\/International\/wp-json\/wp\/v2\/posts"}],"about":[{"href":"https:\/\/linitiative.ca\/International\/wp-json\/wp\/v2\/types\/post"}],"author":[{"embeddable":true,"href":"https:\/\/linitiative.ca\/International\/wp-json\/wp\/v2\/users\/1743"}],"replies":[{"embeddable":true,"href":"https:\/\/linitiative.ca\/International\/wp-json\/wp\/v2\/comments?post=120830"}],"version-history":[{"count":0,"href":"https:\/\/linitiative.ca\/International\/wp-json\/wp\/v2\/posts\/120830\/revisions"}],"wp:attachment":[{"href":"https:\/\/linitiative.ca\/International\/wp-json\/wp\/v2\/media?parent=120830"}],"wp:term":[{"taxonomy":"category","embeddable":true,"href":"https:\/\/linitiative.ca\/International\/wp-json\/wp\/v2\/categories?post=120830"},{"taxonomy":"post_tag","embeddable":true,"href":"https:\/\/linitiative.ca\/International\/wp-json\/wp\/v2\/tags?post=120830"}],"curies":[{"name":"wp","href":"https:\/\/api.w.org\/{rel}","templated":true}]}}