{"id":120832,"date":"2021-07-08T14:30:11","date_gmt":"2021-07-08T18:30:11","guid":{"rendered":"https:\/\/linitiative.ca\/International\/apn-ibrahim-boughali-elu-president\/"},"modified":"2021-07-08T14:30:11","modified_gmt":"2021-07-08T18:30:11","slug":"apn-ibrahim-boughali-elu-president","status":"publish","type":"post","link":"https:\/\/linitiative.ca\/International\/apn-ibrahim-boughali-elu-president\/","title":{"rendered":"APN : Ibrahim Boughali \u00e9lu pr\u00e9sident\u00a0"},"content":{"rendered":"<div>\n<div class=\"sriret\"><img decoding=\"async\" src=\"https:\/\/linitiative.ca\/International\/wp-content\/uploads\/sites\/23\/2021\/07\/default-picture-709x366_c-5.jpg\"><\/div>\n<p>Ibrahim Boughali de la liste des ind\u00e9pendants \u00ab\u00a0Wihda wa Tadaoul\u00a0\u00bb (Unit\u00e9 et Alternance) de la circonscription \u00e9lectorale de Gharda\u00efa, a \u00e9t\u00e9 \u00e9lu jeudi 8 juillet nouveau pr\u00e9sident de l\u2019Assembl\u00e9e populaire nationale (APN) pour les cinq ans \u00e0 venir au titre de la 9\u00e8me l\u00e9gislature.<\/p>\n<p>Ancien P\/APW de Ghardaia, celui-ci l\u2019a remport\u00e9 face \u00e0 l\u2019autre candidat, Ahmed Sadok du Mouvement de la soci\u00e9t\u00e9 pour la paix (MSP).<\/p>\n<p>L\u2019article <a rel=\"nofollow\" href=\"https:\/\/www.elwatan.com\/edition\/actualite\/apn-ibrahim-boughali-elu-president-08-07-2021\">APN : Ibrahim Boughali \u00e9lu pr\u00e9sident\u00a0<\/a> est apparu en premier sur <a rel=\"nofollow\" href=\"https:\/\/www.elwatan.com\/\">El Watan<\/a>.<\/p>\n<\/div>\n<p>Auteur: Mohand Yahiaoui<br \/>\n<a href=\"https:\/\/www.elwatan.com\/edition\/actualite\/apn-ibrahim-boughali-elu-president-08-07-2021\">Cliquez ici pour lire l&rsquo;article depuis sa source.<\/a><\/p>\n","protected":false},"excerpt":{"rendered":"<p>Ibrahim Boughali de la liste des ind\u00e9pendants \u00ab\u00a0Wihda wa Tadaoul\u00a0\u00bb (Unit\u00e9 et Alternance) de la circonscription \u00e9lectorale de Gharda\u00efa, a \u00e9t\u00e9 \u00e9lu jeudi 8 juillet nouveau pr\u00e9sident de l\u2019Assembl\u00e9e populaire nationale (APN) pour les cinq ans \u00e0 venir au titre de la 9\u00e8me l\u00e9gislature. Ancien P\/APW de Ghardaia, celui-ci l\u2019a remport\u00e9 face \u00e0 l\u2019autre candidat, [&hellip;]<\/p>\n","protected":false},"author":1743,"featured_media":0,"comment_status":"closed","ping_status":"closed","sticky":false,"template":"","format":"standard","meta":{"fifu_image_url":"https:\/\/www.elwatan.com\/wp-content\/themes\/spectr\/img\/default-picture-709x366_c.jpg","fifu_image_alt":"APN : Ibrahim Boughali \u00e9lu pr\u00e9sident\u00a0","footnotes":""},"categories":[73,53],"tags":[],"class_list":["post-120832","post","type-post","status-publish","format-standard","hentry","category-actualite","category-algerie"],"_links":{"self":[{"href":"https:\/\/linitiative.ca\/International\/wp-json\/wp\/v2\/posts\/120832","targetHints":{"allow":["GET"]}}],"collection":[{"href":"https:\/\/linitiative.ca\/International\/wp-json\/wp\/v2\/posts"}],"about":[{"href":"https:\/\/linitiative.ca\/International\/wp-json\/wp\/v2\/types\/post"}],"author":[{"embeddable":true,"href":"https:\/\/linitiative.ca\/International\/wp-json\/wp\/v2\/users\/1743"}],"replies":[{"embeddable":true,"href":"https:\/\/linitiative.ca\/International\/wp-json\/wp\/v2\/comments?post=120832"}],"version-history":[{"count":0,"href":"https:\/\/linitiative.ca\/International\/wp-json\/wp\/v2\/posts\/120832\/revisions"}],"wp:attachment":[{"href":"https:\/\/linitiative.ca\/International\/wp-json\/wp\/v2\/media?parent=120832"}],"wp:term":[{"taxonomy":"category","embeddable":true,"href":"https:\/\/linitiative.ca\/International\/wp-json\/wp\/v2\/categories?post=120832"},{"taxonomy":"post_tag","embeddable":true,"href":"https:\/\/linitiative.ca\/International\/wp-json\/wp\/v2\/tags?post=120832"}],"curies":[{"name":"wp","href":"https:\/\/api.w.org\/{rel}","templated":true}]}}