{"id":120834,"date":"2021-07-08T07:21:00","date_gmt":"2021-07-08T11:21:00","guid":{"rendered":"https:\/\/linitiative.ca\/International\/lorigine-de-la-chute-de-la-tunisie\/"},"modified":"2021-07-08T07:21:00","modified_gmt":"2021-07-08T11:21:00","slug":"lorigine-de-la-chute-de-la-tunisie","status":"publish","type":"post","link":"https:\/\/linitiative.ca\/International\/lorigine-de-la-chute-de-la-tunisie\/","title":{"rendered":"L&rsquo;origine de la chute de la Tunisie"},"content":{"rendered":"<div><img decoding=\"async\" src=\"https:\/\/linitiative.ca\/International\/wp-content\/uploads\/sites\/23\/2021\/07\/1625745857_article.jpg\" alt=\"L\" origine de la chute tunisie align=\"left\">Les citoyens veulent le progr\u00e8s, ils ne veulent pas la pagaille!<br \/>\nIl y a trois mots pour d\u00e9crire l\u2019\u00e9tendue d\u2019une contagion. On parle de \u00ab flamb\u00e9e \u00bb pour d\u00e9crire l\u2019apparition soudaine de quelques cas, d\u2019\u00ab \u00e9pid\u00e9mie \u00bb quand la contagion touche une r\u00e9gion ou un ou quelques pays, et de \u00ab pand\u00e9mie \u00bb lorsqu\u2019elle s\u2019\u00e9tend \u00e0 un continent ou \u00e0 plusieurs.<br \/>\nD\u00e8s la plus haute Antiquit\u00e9, les civilisations ont d\u00fb faire face \u00e0 diverses flamb\u00e9es \u00e9pid\u00e9miques accompagnant la mis\u00e8re, les famines et les guerres, fluctuant avec les grandes p\u00e9riodes de froid. Ces maladies contagieuses ont s\u00e9vi tour \u00e0 tour, ou ensemble, apparaissant et disparaissant au gr\u00e9 des si\u00e8cles. Les &#8230;<\/p>\n<\/div>\n<p>Auteur:<br \/>\n<a href=\"https:\/\/www.leaders.com.tn\/article\/32126-l-origine-de-la-chute-de-la-tunisie\">Cliquez ici pour lire l&rsquo;article depuis sa source.<\/a><\/p>\n","protected":false},"excerpt":{"rendered":"<p>Les citoyens veulent le progr\u00e8s, ils ne veulent pas la pagaille! Il y a trois mots pour d\u00e9crire l\u2019\u00e9tendue d\u2019une contagion. On parle de \u00ab flamb\u00e9e \u00bb pour d\u00e9crire l\u2019apparition soudaine de quelques cas, d\u2019\u00ab \u00e9pid\u00e9mie \u00bb quand la contagion touche une r\u00e9gion ou un ou quelques pays, et de \u00ab pand\u00e9mie \u00bb lorsqu\u2019elle s\u2019\u00e9tend [&hellip;]<\/p>\n","protected":false},"author":1772,"featured_media":0,"comment_status":"closed","ping_status":"closed","sticky":false,"template":"","format":"standard","meta":{"fifu_image_url":"http:\/\/www.leaders.com.tn\/uploads\/content\/thumbnails_small\/1625745857_article.jpg","fifu_image_alt":"<div>L'origine de la chute de la Tunisie<\/div>","footnotes":""},"categories":[73,55],"tags":[],"class_list":["post-120834","post","type-post","status-publish","format-standard","hentry","category-actualite","category-tunisie"],"_links":{"self":[{"href":"https:\/\/linitiative.ca\/International\/wp-json\/wp\/v2\/posts\/120834","targetHints":{"allow":["GET"]}}],"collection":[{"href":"https:\/\/linitiative.ca\/International\/wp-json\/wp\/v2\/posts"}],"about":[{"href":"https:\/\/linitiative.ca\/International\/wp-json\/wp\/v2\/types\/post"}],"author":[{"embeddable":true,"href":"https:\/\/linitiative.ca\/International\/wp-json\/wp\/v2\/users\/1772"}],"replies":[{"embeddable":true,"href":"https:\/\/linitiative.ca\/International\/wp-json\/wp\/v2\/comments?post=120834"}],"version-history":[{"count":0,"href":"https:\/\/linitiative.ca\/International\/wp-json\/wp\/v2\/posts\/120834\/revisions"}],"wp:attachment":[{"href":"https:\/\/linitiative.ca\/International\/wp-json\/wp\/v2\/media?parent=120834"}],"wp:term":[{"taxonomy":"category","embeddable":true,"href":"https:\/\/linitiative.ca\/International\/wp-json\/wp\/v2\/categories?post=120834"},{"taxonomy":"post_tag","embeddable":true,"href":"https:\/\/linitiative.ca\/International\/wp-json\/wp\/v2\/tags?post=120834"}],"curies":[{"name":"wp","href":"https:\/\/api.w.org\/{rel}","templated":true}]}}