{"id":120838,"date":"2021-07-08T12:54:00","date_gmt":"2021-07-08T16:54:00","guid":{"rendered":"https:\/\/linitiative.ca\/International\/la-democratie-controlee-un-nouveau-systeme-democratique\/"},"modified":"2021-07-08T12:54:00","modified_gmt":"2021-07-08T16:54:00","slug":"la-democratie-controlee-un-nouveau-systeme-democratique","status":"publish","type":"post","link":"https:\/\/linitiative.ca\/International\/la-democratie-controlee-un-nouveau-systeme-democratique\/","title":{"rendered":"La d\u00e9mocratie contr\u00f4l\u00e9e : un nouveau syst\u00e8me d\u00e9mocratique"},"content":{"rendered":"<div><img decoding=\"async\" src=\"https:\/\/linitiative.ca\/International\/wp-content\/uploads\/sites\/23\/2021\/07\/1625764500_article.jpg\" alt=\"La d\u00e9mocratie contr\u00f4l\u00e9e : un nouveau syst\u00e8me d\u00e9mocratique\" align=\"left\">Par Youcef Ennebli &#8211; Dans les trois articles pr\u00e9c\u00e9dents publi\u00e9s dans le journal \u00e9lectronique \u00abLeaders\u00bb, en dates du 02 juin 2021, 22 juin 2021 et\u00a0 28 juin 2021, nous avons d\u00e9j\u00e0 montr\u00e9 successivement les trois choses suivantes:<br \/>\n\u2022 La d\u00e9mocratie repr\u00e9sentative (DR) n\u2019est pas un v\u00e9ritable syst\u00e8me d\u00e9mocratique;<br \/>\n\u2022 La d\u00e9mocratie devait \u00eatre d\u00e9finie \u00e0 travers la finalit\u00e9 d\u2019une bonne politique, \u00e0 savoir le bonheur de tous;<br \/>\n\u2022 La n\u00e9cessit\u00e9 de substituer\u00a0 un projet imp\u00e9ratif au mandat repr\u00e9sentatif comme premier pilier d\u2019acc\u00e8s \u00e0 une v\u00e9ritable d\u00e9mocratie.<br \/>\nProjet imp\u00e9ratif: fondement du nouveau syst\u00e8me politique baptis\u00e9 la d\u00e9mocratie contr\u00f4l\u00e9e<br \/>\nLe &#8230;<\/p>\n<\/div>\n<p>Auteur:<br \/>\n<a href=\"https:\/\/www.leaders.com.tn\/article\/32129-la-democratie-controlee-un-nouveau-systeme-democratique\">Cliquez ici pour lire l&rsquo;article depuis sa source.<\/a><\/p>\n","protected":false},"excerpt":{"rendered":"<p>Par Youcef Ennebli &#8211; Dans les trois articles pr\u00e9c\u00e9dents publi\u00e9s dans le journal \u00e9lectronique \u00abLeaders\u00bb, en dates du 02 juin 2021, 22 juin 2021 et\u00a0 28 juin 2021, nous avons d\u00e9j\u00e0 montr\u00e9 successivement les trois choses suivantes: \u2022 La d\u00e9mocratie repr\u00e9sentative (DR) n\u2019est pas un v\u00e9ritable syst\u00e8me d\u00e9mocratique; \u2022 La d\u00e9mocratie devait \u00eatre d\u00e9finie \u00e0 [&hellip;]<\/p>\n","protected":false},"author":1772,"featured_media":0,"comment_status":"closed","ping_status":"closed","sticky":false,"template":"","format":"standard","meta":{"fifu_image_url":"http:\/\/www.leaders.com.tn\/uploads\/content\/thumbnails_small\/1625764500_article.jpg","fifu_image_alt":"La d\u00e9mocratie contr\u00f4l\u00e9e : un nouveau syst\u00e8me d\u00e9mocratique","footnotes":""},"categories":[73,55],"tags":[],"class_list":["post-120838","post","type-post","status-publish","format-standard","hentry","category-actualite","category-tunisie"],"_links":{"self":[{"href":"https:\/\/linitiative.ca\/International\/wp-json\/wp\/v2\/posts\/120838","targetHints":{"allow":["GET"]}}],"collection":[{"href":"https:\/\/linitiative.ca\/International\/wp-json\/wp\/v2\/posts"}],"about":[{"href":"https:\/\/linitiative.ca\/International\/wp-json\/wp\/v2\/types\/post"}],"author":[{"embeddable":true,"href":"https:\/\/linitiative.ca\/International\/wp-json\/wp\/v2\/users\/1772"}],"replies":[{"embeddable":true,"href":"https:\/\/linitiative.ca\/International\/wp-json\/wp\/v2\/comments?post=120838"}],"version-history":[{"count":0,"href":"https:\/\/linitiative.ca\/International\/wp-json\/wp\/v2\/posts\/120838\/revisions"}],"wp:attachment":[{"href":"https:\/\/linitiative.ca\/International\/wp-json\/wp\/v2\/media?parent=120838"}],"wp:term":[{"taxonomy":"category","embeddable":true,"href":"https:\/\/linitiative.ca\/International\/wp-json\/wp\/v2\/categories?post=120838"},{"taxonomy":"post_tag","embeddable":true,"href":"https:\/\/linitiative.ca\/International\/wp-json\/wp\/v2\/tags?post=120838"}],"curies":[{"name":"wp","href":"https:\/\/api.w.org\/{rel}","templated":true}]}}