{"id":120845,"date":"2021-07-08T11:05:27","date_gmt":"2021-07-08T15:05:27","guid":{"rendered":"https:\/\/linitiative.ca\/International\/le-p-i-e-totalement-en-phase-avec-le-nouveau-modele-de-developpement\/"},"modified":"2021-07-08T11:05:27","modified_gmt":"2021-07-08T15:05:27","slug":"le-p-i-e-totalement-en-phase-avec-le-nouveau-modele-de-developpement","status":"publish","type":"post","link":"https:\/\/linitiative.ca\/International\/le-p-i-e-totalement-en-phase-avec-le-nouveau-modele-de-developpement\/","title":{"rendered":"Le P.I.E. totalement en phase avec le Nouveau mod\u00e8le de d\u00e9veloppement"},"content":{"rendered":"<div><img decoding=\"async\" width=\"1102\" height=\"825\" src=\"https:\/\/linitiative.ca\/International\/wp-content\/uploads\/sites\/23\/2021\/07\/PIE.jpg\" class=\"attachment-post-thumbnail size-post-thumbnail wp-post-image\" alt=\"\" loading=\"lazy\" srcset=\"https:\/\/linitiative.ca\/International\/wp-content\/uploads\/sites\/23\/2021\/07\/PIE.jpg 1102w, https:\/\/www.challenge.ma\/wp-content\/uploads\/2021\/07\/PIE-300x225.jpg 300w, https:\/\/www.challenge.ma\/wp-content\/uploads\/2021\/07\/PIE-1024x767.jpg 1024w, https:\/\/www.challenge.ma\/wp-content\/uploads\/2021\/07\/PIE-768x575.jpg 768w, https:\/\/www.challenge.ma\/wp-content\/uploads\/2021\/07\/PIE-360x270.jpg 360w, https:\/\/www.challenge.ma\/wp-content\/uploads\/2021\/07\/PIE-750x561.jpg 750w\" sizes=\"auto, (max-width: 1102px) 100vw, 1102px\" itemprop=\"image\">Le Maroc impl\u00e9mentera, dans les prochains mois, son Nouveau mod\u00e8le de d\u00e9veloppement. Pr\u00e9sent\u00e9, il y a quelques semaines \u00e0 S.M. le Roi Mohammed VI, le rapport de la Commission Sp\u00e9ciale sur le Mod\u00e8le de D\u00e9veloppement d\u00e9taille les r\u00e9formes \u00e0 mettre en \u0153uvre pour relancer le mod\u00e8le de d\u00e9veloppement du Royaume.<\/div>\n<p>Auteur: challenge<br \/>\n<a href=\"https:\/\/www.challenge.ma\/le-p-i-e-totalement-en-phase-avec-le-nouveau-modele-de-developpement-191560\/\">Cliquez ici pour lire l&rsquo;article depuis sa source.<\/a><\/p>\n","protected":false},"excerpt":{"rendered":"<p>Le Maroc impl\u00e9mentera, dans les prochains mois, son Nouveau mod\u00e8le de d\u00e9veloppement. Pr\u00e9sent\u00e9, il y a quelques semaines \u00e0 S.M. le Roi Mohammed VI, le rapport de la Commission Sp\u00e9ciale sur le Mod\u00e8le de D\u00e9veloppement d\u00e9taille les r\u00e9formes \u00e0 mettre en \u0153uvre pour relancer le mod\u00e8le de d\u00e9veloppement du Royaume. Auteur: challenge Cliquez ici pour [&hellip;]<\/p>\n","protected":false},"author":1787,"featured_media":0,"comment_status":"closed","ping_status":"closed","sticky":false,"template":"","format":"standard","meta":{"fifu_image_url":"https:\/\/www.challenge.ma\/wp-content\/uploads\/2021\/07\/PIE.jpg","fifu_image_alt":"Le P.I.E. totalement en phase avec le Nouveau mod\u00e8le de d\u00e9veloppement","footnotes":""},"categories":[78,54],"tags":[],"class_list":["post-120845","post","type-post","status-publish","format-standard","hentry","category-economie","category-maroc"],"_links":{"self":[{"href":"https:\/\/linitiative.ca\/International\/wp-json\/wp\/v2\/posts\/120845","targetHints":{"allow":["GET"]}}],"collection":[{"href":"https:\/\/linitiative.ca\/International\/wp-json\/wp\/v2\/posts"}],"about":[{"href":"https:\/\/linitiative.ca\/International\/wp-json\/wp\/v2\/types\/post"}],"author":[{"embeddable":true,"href":"https:\/\/linitiative.ca\/International\/wp-json\/wp\/v2\/users\/1787"}],"replies":[{"embeddable":true,"href":"https:\/\/linitiative.ca\/International\/wp-json\/wp\/v2\/comments?post=120845"}],"version-history":[{"count":0,"href":"https:\/\/linitiative.ca\/International\/wp-json\/wp\/v2\/posts\/120845\/revisions"}],"wp:attachment":[{"href":"https:\/\/linitiative.ca\/International\/wp-json\/wp\/v2\/media?parent=120845"}],"wp:term":[{"taxonomy":"category","embeddable":true,"href":"https:\/\/linitiative.ca\/International\/wp-json\/wp\/v2\/categories?post=120845"},{"taxonomy":"post_tag","embeddable":true,"href":"https:\/\/linitiative.ca\/International\/wp-json\/wp\/v2\/tags?post=120845"}],"curies":[{"name":"wp","href":"https:\/\/api.w.org\/{rel}","templated":true}]}}