{"id":120849,"date":"2021-07-08T12:53:02","date_gmt":"2021-07-08T16:53:02","guid":{"rendered":"https:\/\/linitiative.ca\/International\/voitures-neuves-le-marche-poursuit-sa-belle-progression-a-fin-juin\/"},"modified":"2021-07-08T12:53:02","modified_gmt":"2021-07-08T16:53:02","slug":"voitures-neuves-le-marche-poursuit-sa-belle-progression-a-fin-juin","status":"publish","type":"post","link":"https:\/\/linitiative.ca\/International\/voitures-neuves-le-marche-poursuit-sa-belle-progression-a-fin-juin\/","title":{"rendered":"Voitures neuves. Le march\u00e9 poursuit sa belle progression \u00e0 fin juin"},"content":{"rendered":"<div><img decoding=\"async\" width=\"1280\" height=\"904\" src=\"https:\/\/linitiative.ca\/International\/wp-content\/uploads\/sites\/23\/2021\/07\/WhatsApp-Image-2021-07-08-at-11.23.34.jpeg\" class=\"attachment-post-thumbnail size-post-thumbnail wp-post-image\" alt=\"\" loading=\"lazy\" srcset=\"https:\/\/linitiative.ca\/International\/wp-content\/uploads\/sites\/23\/2021\/07\/WhatsApp-Image-2021-07-08-at-11.23.34.jpeg 1280w, https:\/\/www.challenge.ma\/wp-content\/uploads\/2021\/07\/WhatsApp-Image-2021-07-08-at-11.23.34-300x212.jpeg 300w, https:\/\/www.challenge.ma\/wp-content\/uploads\/2021\/07\/WhatsApp-Image-2021-07-08-at-11.23.34-1024x723.jpeg 1024w, https:\/\/www.challenge.ma\/wp-content\/uploads\/2021\/07\/WhatsApp-Image-2021-07-08-at-11.23.34-768x542.jpeg 768w, https:\/\/www.challenge.ma\/wp-content\/uploads\/2021\/07\/WhatsApp-Image-2021-07-08-at-11.23.34-360x254.jpeg 360w, https:\/\/www.challenge.ma\/wp-content\/uploads\/2021\/07\/WhatsApp-Image-2021-07-08-at-11.23.34-750x530.jpeg 750w\" sizes=\"auto, (max-width: 1280px) 100vw, 1280px\" itemprop=\"image\">Au titre du premier semestre 2021, le march\u00e9 automobile des voitures neuves dans le Royaume a enregistr\u00e9 une hausse de 16,4% comparativement \u00e0 2019, selon la derni\u00e8re livr\u00e9e statistique de l\u2019Association des importateurs de v\u00e9hicules automobiles au Maroc (AIVAM). Soit 94 025 v\u00e9hicules vendus depuis le d\u00e9but de l\u2019ann\u00e9e jusqu\u2019\u00e0<\/div>\n<p>Auteur: David J\u00e9r\u00e9mie<br \/>\n<a href=\"https:\/\/www.challenge.ma\/voitures-neuves-le-marche-poursuit-sa-belle-progression-a-fin-juin-191925\/\">Cliquez ici pour lire l&rsquo;article depuis sa source.<\/a><\/p>\n","protected":false},"excerpt":{"rendered":"<p>Au titre du premier semestre 2021, le march\u00e9 automobile des voitures neuves dans le Royaume a enregistr\u00e9 une hausse de 16,4% comparativement \u00e0 2019, selon la derni\u00e8re livr\u00e9e statistique de l\u2019Association des importateurs de v\u00e9hicules automobiles au Maroc (AIVAM). Soit 94 025 v\u00e9hicules vendus depuis le d\u00e9but de l\u2019ann\u00e9e jusqu\u2019\u00e0 Auteur: David J\u00e9r\u00e9mie Cliquez ici [&hellip;]<\/p>\n","protected":false},"author":1787,"featured_media":0,"comment_status":"closed","ping_status":"closed","sticky":false,"template":"","format":"standard","meta":{"fifu_image_url":"https:\/\/www.challenge.ma\/wp-content\/uploads\/2021\/07\/WhatsApp-Image-2021-07-08-at-11.23.34.jpeg","fifu_image_alt":"Voitures neuves. Le march\u00e9 poursuit sa belle progression \u00e0 fin juin","footnotes":""},"categories":[78,54],"tags":[],"class_list":["post-120849","post","type-post","status-publish","format-standard","hentry","category-economie","category-maroc"],"_links":{"self":[{"href":"https:\/\/linitiative.ca\/International\/wp-json\/wp\/v2\/posts\/120849","targetHints":{"allow":["GET"]}}],"collection":[{"href":"https:\/\/linitiative.ca\/International\/wp-json\/wp\/v2\/posts"}],"about":[{"href":"https:\/\/linitiative.ca\/International\/wp-json\/wp\/v2\/types\/post"}],"author":[{"embeddable":true,"href":"https:\/\/linitiative.ca\/International\/wp-json\/wp\/v2\/users\/1787"}],"replies":[{"embeddable":true,"href":"https:\/\/linitiative.ca\/International\/wp-json\/wp\/v2\/comments?post=120849"}],"version-history":[{"count":0,"href":"https:\/\/linitiative.ca\/International\/wp-json\/wp\/v2\/posts\/120849\/revisions"}],"wp:attachment":[{"href":"https:\/\/linitiative.ca\/International\/wp-json\/wp\/v2\/media?parent=120849"}],"wp:term":[{"taxonomy":"category","embeddable":true,"href":"https:\/\/linitiative.ca\/International\/wp-json\/wp\/v2\/categories?post=120849"},{"taxonomy":"post_tag","embeddable":true,"href":"https:\/\/linitiative.ca\/International\/wp-json\/wp\/v2\/tags?post=120849"}],"curies":[{"name":"wp","href":"https:\/\/api.w.org\/{rel}","templated":true}]}}