{"id":120856,"date":"2021-07-08T16:15:36","date_gmt":"2021-07-08T20:15:36","guid":{"rendered":"https:\/\/linitiative.ca\/International\/urgent-arp-deces-du-depute-nizar-mahkloufi\/"},"modified":"2021-07-08T16:15:36","modified_gmt":"2021-07-08T20:15:36","slug":"urgent-arp-deces-du-depute-nizar-mahkloufi","status":"publish","type":"post","link":"https:\/\/linitiative.ca\/International\/urgent-arp-deces-du-depute-nizar-mahkloufi\/","title":{"rendered":"URGENT-ARP: D\u00e9c\u00e8s du d\u00e9put\u00e9 Nizar Mahkloufi"},"content":{"rendered":"<div>\n<p>Le vice-pr\u00e9sident du Cabinet de l\u2019RP, Tarek Fetiti a annonc\u00e9 dans un post rendu public sur sa page ce soir 08 juillet 2021, le d\u00e9c\u00e8s du d\u00e9put\u00e9 du Courant D\u00e9mocrate, Nizar Makhloufi suite \u00e0 un accident de circulation \u00e0 Ouardanine du gouvernorat de Monastir. Que Dieu lui accorde sa mis\u00e9ricorde.<\/p>\n<p>L\u2019article <a href=\"https:\/\/www.tunisienumerique.com\/urgent-arp-deces-du-depute-nizar-mahkloufi\/\">URGENT-ARP: D\u00e9c\u00e8s du d\u00e9put\u00e9 Nizar Mahkloufi<\/a> est apparu en premier sur <a href=\"https:\/\/www.tunisienumerique.com\/\">Tunisie<\/a>.<\/p>\n<\/div>\n<p>Auteur: rania ben slimane<br \/>\n<a href=\"https:\/\/www.tunisienumerique.com\/urgent-arp-deces-du-depute-nizar-mahkloufi\/\">Cliquez ici pour lire l&rsquo;article depuis sa source.<\/a><\/p>\n","protected":false},"excerpt":{"rendered":"<p>Le vice-pr\u00e9sident du Cabinet de l\u2019RP, Tarek Fetiti a annonc\u00e9 dans un post rendu public sur sa page ce soir 08 juillet 2021, le d\u00e9c\u00e8s du d\u00e9put\u00e9 du Courant D\u00e9mocrate, Nizar Makhloufi suite \u00e0 un accident de circulation \u00e0 Ouardanine du gouvernorat de Monastir. Que Dieu lui accorde sa mis\u00e9ricorde. L\u2019article URGENT-ARP: D\u00e9c\u00e8s du d\u00e9put\u00e9 [&hellip;]<\/p>\n","protected":false},"author":1789,"featured_media":0,"comment_status":"closed","ping_status":"closed","sticky":false,"template":"","format":"standard","meta":{"fifu_image_url":"","fifu_image_alt":"","footnotes":""},"categories":[73,55],"tags":[],"class_list":["post-120856","post","type-post","status-publish","format-standard","hentry","category-actualite","category-tunisie"],"_links":{"self":[{"href":"https:\/\/linitiative.ca\/International\/wp-json\/wp\/v2\/posts\/120856","targetHints":{"allow":["GET"]}}],"collection":[{"href":"https:\/\/linitiative.ca\/International\/wp-json\/wp\/v2\/posts"}],"about":[{"href":"https:\/\/linitiative.ca\/International\/wp-json\/wp\/v2\/types\/post"}],"author":[{"embeddable":true,"href":"https:\/\/linitiative.ca\/International\/wp-json\/wp\/v2\/users\/1789"}],"replies":[{"embeddable":true,"href":"https:\/\/linitiative.ca\/International\/wp-json\/wp\/v2\/comments?post=120856"}],"version-history":[{"count":0,"href":"https:\/\/linitiative.ca\/International\/wp-json\/wp\/v2\/posts\/120856\/revisions"}],"wp:attachment":[{"href":"https:\/\/linitiative.ca\/International\/wp-json\/wp\/v2\/media?parent=120856"}],"wp:term":[{"taxonomy":"category","embeddable":true,"href":"https:\/\/linitiative.ca\/International\/wp-json\/wp\/v2\/categories?post=120856"},{"taxonomy":"post_tag","embeddable":true,"href":"https:\/\/linitiative.ca\/International\/wp-json\/wp\/v2\/tags?post=120856"}],"curies":[{"name":"wp","href":"https:\/\/api.w.org\/{rel}","templated":true}]}}