{"id":120857,"date":"2021-07-08T16:30:31","date_gmt":"2021-07-08T20:30:31","guid":{"rendered":"https:\/\/linitiative.ca\/International\/us-monastir-ahmed-belli-jette-leponge\/"},"modified":"2021-07-08T16:30:31","modified_gmt":"2021-07-08T20:30:31","slug":"us-monastir-ahmed-belli-jette-leponge","status":"publish","type":"post","link":"https:\/\/linitiative.ca\/International\/us-monastir-ahmed-belli-jette-leponge\/","title":{"rendered":"US Monastir : Ahmed Belli jette l\u2019\u00e9ponge"},"content":{"rendered":"<div>\n<p>Ahmed Belli, pr\u00e9sident de l\u2019Union sportive monastirienne, a annonc\u00e9 ce jeudi, lors d\u2019une conf\u00e9rence de presse qu\u2019il ne compte pas continuer sa mission lors de la prochaine saison sportive. D\u2019autre part, le pr\u00e9sident du club a pr\u00e9sent\u00e9 le nouveau staff technique mais sans l\u2019entra\u00eeneur des gardiens qui sera annonc\u00e9 ult\u00e9rieurement. Le staff est compos\u00e9 de [\u2026]<\/p>\n<p>L\u2019article <a href=\"https:\/\/sport.tunisienumerique.com\/us-monastir-ahmed-belli-jette-leponge\/\">US Monastir : Ahmed Belli jette l\u2019\u00e9ponge<\/a> est apparu en premier sur <a href=\"https:\/\/www.tunisienumerique.com\/\">Tunisie<\/a>.<\/p>\n<\/div>\n<p>Auteur:<br \/>\n<a href=\"https:\/\/sport.tunisienumerique.com\/us-monastir-ahmed-belli-jette-leponge\/\">Cliquez ici pour lire l&rsquo;article depuis sa source.<\/a><\/p>\n","protected":false},"excerpt":{"rendered":"<p>Ahmed Belli, pr\u00e9sident de l\u2019Union sportive monastirienne, a annonc\u00e9 ce jeudi, lors d\u2019une conf\u00e9rence de presse qu\u2019il ne compte pas continuer sa mission lors de la prochaine saison sportive. D\u2019autre part, le pr\u00e9sident du club a pr\u00e9sent\u00e9 le nouveau staff technique mais sans l\u2019entra\u00eeneur des gardiens qui sera annonc\u00e9 ult\u00e9rieurement. Le staff est compos\u00e9 de [&hellip;]<\/p>\n","protected":false},"author":1789,"featured_media":0,"comment_status":"closed","ping_status":"closed","sticky":false,"template":"","format":"standard","meta":{"fifu_image_url":"","fifu_image_alt":"","footnotes":""},"categories":[73,55],"tags":[],"class_list":["post-120857","post","type-post","status-publish","format-standard","hentry","category-actualite","category-tunisie"],"_links":{"self":[{"href":"https:\/\/linitiative.ca\/International\/wp-json\/wp\/v2\/posts\/120857","targetHints":{"allow":["GET"]}}],"collection":[{"href":"https:\/\/linitiative.ca\/International\/wp-json\/wp\/v2\/posts"}],"about":[{"href":"https:\/\/linitiative.ca\/International\/wp-json\/wp\/v2\/types\/post"}],"author":[{"embeddable":true,"href":"https:\/\/linitiative.ca\/International\/wp-json\/wp\/v2\/users\/1789"}],"replies":[{"embeddable":true,"href":"https:\/\/linitiative.ca\/International\/wp-json\/wp\/v2\/comments?post=120857"}],"version-history":[{"count":0,"href":"https:\/\/linitiative.ca\/International\/wp-json\/wp\/v2\/posts\/120857\/revisions"}],"wp:attachment":[{"href":"https:\/\/linitiative.ca\/International\/wp-json\/wp\/v2\/media?parent=120857"}],"wp:term":[{"taxonomy":"category","embeddable":true,"href":"https:\/\/linitiative.ca\/International\/wp-json\/wp\/v2\/categories?post=120857"},{"taxonomy":"post_tag","embeddable":true,"href":"https:\/\/linitiative.ca\/International\/wp-json\/wp\/v2\/tags?post=120857"}],"curies":[{"name":"wp","href":"https:\/\/api.w.org\/{rel}","templated":true}]}}