{"id":120858,"date":"2021-07-08T16:55:43","date_gmt":"2021-07-08T20:55:43","guid":{"rendered":"https:\/\/linitiative.ca\/International\/tunisie-exclusif-reunion-entre-mechichi-ghannouchi-et-nabil-karoui\/"},"modified":"2021-07-08T16:55:43","modified_gmt":"2021-07-08T20:55:43","slug":"tunisie-exclusif-reunion-entre-mechichi-ghannouchi-et-nabil-karoui","status":"publish","type":"post","link":"https:\/\/linitiative.ca\/International\/tunisie-exclusif-reunion-entre-mechichi-ghannouchi-et-nabil-karoui\/","title":{"rendered":"Tunisie \u2013 EXCLUSIF\u00a0: R\u00e9union entre Mechichi, Ghannouchi et Nabil Karoui"},"content":{"rendered":"<div>\n<p>Une r\u00e9union tripartite s\u2019est d\u00e9roul\u00e9e, aujourd\u2019hui, au domicile du cheikh Rached Ghanouchi, qui l\u2019a regroup\u00e9 avec le chef du gouvernement, Hichem Mechichi, et le principal alli\u00e9 d\u2019Ennahdha, et pr\u00e9sident de 9alb Tounes, Nabil Karoui. Au cours de cet entretien, il a \u00e9t\u00e9 question d\u2019une revue de la situation actuelle, et des possibilit\u00e9s d\u2019y rem\u00e9dier, et, [\u2026]<\/p>\n<p>L\u2019article <a href=\"https:\/\/www.tunisienumerique.com\/tunisie-exclusif-reunion-entre-mechichi-ghannouchi-et-nabil-karoui\/\">Tunisie \u2013 EXCLUSIF\u00a0: R\u00e9union entre Mechichi, Ghannouchi et Nabil Karoui<\/a> est apparu en premier sur <a href=\"https:\/\/www.tunisienumerique.com\/\">Tunisie<\/a>.<\/p>\n<\/div>\n<p>Auteur: Saber .<br \/>\n<a href=\"https:\/\/www.tunisienumerique.com\/tunisie-exclusif-reunion-entre-mechichi-ghannouchi-et-nabil-karoui\/\">Cliquez ici pour lire l&rsquo;article depuis sa source.<\/a><\/p>\n","protected":false},"excerpt":{"rendered":"<p>Une r\u00e9union tripartite s\u2019est d\u00e9roul\u00e9e, aujourd\u2019hui, au domicile du cheikh Rached Ghanouchi, qui l\u2019a regroup\u00e9 avec le chef du gouvernement, Hichem Mechichi, et le principal alli\u00e9 d\u2019Ennahdha, et pr\u00e9sident de 9alb Tounes, Nabil Karoui. Au cours de cet entretien, il a \u00e9t\u00e9 question d\u2019une revue de la situation actuelle, et des possibilit\u00e9s d\u2019y rem\u00e9dier, et, [&hellip;]<\/p>\n","protected":false},"author":1789,"featured_media":0,"comment_status":"closed","ping_status":"closed","sticky":false,"template":"","format":"standard","meta":{"fifu_image_url":"","fifu_image_alt":"","footnotes":""},"categories":[73,55],"tags":[],"class_list":["post-120858","post","type-post","status-publish","format-standard","hentry","category-actualite","category-tunisie"],"_links":{"self":[{"href":"https:\/\/linitiative.ca\/International\/wp-json\/wp\/v2\/posts\/120858","targetHints":{"allow":["GET"]}}],"collection":[{"href":"https:\/\/linitiative.ca\/International\/wp-json\/wp\/v2\/posts"}],"about":[{"href":"https:\/\/linitiative.ca\/International\/wp-json\/wp\/v2\/types\/post"}],"author":[{"embeddable":true,"href":"https:\/\/linitiative.ca\/International\/wp-json\/wp\/v2\/users\/1789"}],"replies":[{"embeddable":true,"href":"https:\/\/linitiative.ca\/International\/wp-json\/wp\/v2\/comments?post=120858"}],"version-history":[{"count":0,"href":"https:\/\/linitiative.ca\/International\/wp-json\/wp\/v2\/posts\/120858\/revisions"}],"wp:attachment":[{"href":"https:\/\/linitiative.ca\/International\/wp-json\/wp\/v2\/media?parent=120858"}],"wp:term":[{"taxonomy":"category","embeddable":true,"href":"https:\/\/linitiative.ca\/International\/wp-json\/wp\/v2\/categories?post=120858"},{"taxonomy":"post_tag","embeddable":true,"href":"https:\/\/linitiative.ca\/International\/wp-json\/wp\/v2\/tags?post=120858"}],"curies":[{"name":"wp","href":"https:\/\/api.w.org\/{rel}","templated":true}]}}