{"id":120860,"date":"2021-07-08T17:04:48","date_gmt":"2021-07-08T21:04:48","guid":{"rendered":"https:\/\/linitiative.ca\/International\/institut-superieur-detudes-de-protection-civile-18-officiers-sapeurs-pompiers-a-la-disposition-de-12-pays-africains\/"},"modified":"2021-07-08T17:04:48","modified_gmt":"2021-07-08T21:04:48","slug":"institut-superieur-detudes-de-protection-civile-18-officiers-sapeurs-pompiers-a-la-disposition-de-12-pays-africains","status":"publish","type":"post","link":"https:\/\/linitiative.ca\/International\/institut-superieur-detudes-de-protection-civile-18-officiers-sapeurs-pompiers-a-la-disposition-de-12-pays-africains\/","title":{"rendered":"Institut sup\u00e9rieur d\u2019\u00e9tudes  de protection civile : 18 officiers sapeurs-pompiers  \u00e0 la disposition de 12 pays  africains"},"content":{"rendered":"<div>\n<p><strong>L\u2019Institut sup\u00e9rieur d\u2019\u00e9tudes de protection civile (ISEPC) a organis\u00e9, le jeudi 8 juillet 2021 \u00e0 Ouagadougou, la fin de Formation initiale d\u2019officier (FIO) sapeur-pompier. Au nombre de 18 admis sur 20, ces stagiaires sont issus de 12 pays africains.<\/strong><\/p>\n<p>Apr\u00e8s cinq mois de formation, entam\u00e9e le 8 f\u00e9vrier dernier, 18 officiers sapeurs-pompiers sur 20 stagiaires au d\u00e9but, sont pr\u00eats pour emploi au profit de 12 pays africains. Il s\u2019agit du Burundi, de la Centrafrique, de la C\u00f4te d\u2019Ivoire, du Congo-Brazzaville, de Djibouti, du Gabon, du Mali, de Madagascar, du Niger, du S\u00e9n\u00e9gal, du Tchad et du Togo. La fin de la formation initiale de cette 9e promotion a \u00e9t\u00e9 organis\u00e9e, le jeudi 8 juillet 2021 \u00e0 Ouagadougou, par l\u2019Institut sup\u00e9rieur d\u2019\u00e9tudes de protection civile (ISEPC).<br \/>\nPour le d\u00e9l\u00e9gu\u00e9 de la promotion, le Gabonais, Nesth Haykeur Barrault, le stage a \u00e9t\u00e9 \u00e9prouvant mais passionnant, marqu\u00e9 par l\u2019apprentissage de connaissances th\u00e9oriques, de man\u0153uvres et exercices, de gardes en immersion dans des centres de secours et des examens qui ont sanctionn\u00e9 la formation. M. Barrault a donc exprim\u00e9 la reconnaissance de la promotion \u00e0 l\u2019encadrement et aux premiers responsables de l\u2019Institut, avant d\u2019appeler ses promotionnaires \u00e0 observer la discr\u00e9tion professionnelle, mais aussi l\u2019humilit\u00e9, l\u2019humanit\u00e9 et l\u2019honn\u00eatet\u00e9.<\/p>\n<p>Selon le directeur de cours, le capitaine Simplice Ou\u00e9draogo, les stagiaires ont suivi plusieurs modules dont l\u2019initiation au m\u00e9tier de sapeur-pompier avec les formations en secourisme, secours routier et extinction incendie et la phase de Chef d\u2019agr\u00e8s au cours de laquelle, les stagiaires ont appris la gestion d\u2019une intervention avec un engin d\u2019incendie commun\u00e9ment appel\u00e9 \u00ab engin pompe \u00bb ou ambulance. A cela, il a ajout\u00e9 les Certificats de pr\u00e9vention et de Chef de garde incendie, mais aussi les modules Risques technologiques et naturels et de commandement. \u00ab La vie des victimes \u00e9tant un enjeu, l\u2019institut s\u2019impose un label qualit\u00e9 caract\u00e9ris\u00e9 par la rigueur et surtout l\u2019objectivit\u00e9. Ainsi, \u00e0 l\u2019issue de toutes ces phases d\u2019\u00e9valuation, 18 stagiaires sur 20, sont d\u00e9sormais aptes \u00e0 remplir les fonctions de chef de garde d\u2019incendie et peuvent d\u00e8s lors \u00eatre engag\u00e9s dans les diff\u00e9rentes interventions, soit un taux de r\u00e9ussite de 90% \u00bb, a pr\u00e9cis\u00e9 le directeur de cours.<\/p>\n<p>Le capitaine Ou\u00e9draogo a exhort\u00e9 les officiers qui occuperont \u00ab certainement et tr\u00e8s prochainement \u00bb des postes de responsabilit\u00e9 dans leurs pays respectifs, \u00e0 \u00eatre des responsables \u00ab exemplaires et cr\u00e9dibles \u00bb, dans leurs missions de protection des populations, de sauvegarde de leurs biens ainsi que de l\u2019environnement.<br \/>\nD\u00e9j\u00e0, le colonel directeur g\u00e9n\u00e9ral de l\u2019ISEPC, Koudougou Abel Zongo, a exprim\u00e9 sa reconnaissance aux pays \u00ab abonn\u00e9s \u00bb \u00e0 l\u2019institut pour leur confiance renouvel\u00e9e. \u00ab Soyez fiers d\u2019avoir choisi d\u2019\u00eatre sapeurs-pompiers car le sacrifice de soi pour la vie de l\u2019autre fait de celui-ci, le plus beau m\u00e9tier \u00bb, a-t-il lanc\u00e9 aux nouveaux chefs de garde d\u2019incendie. Le ministre d\u2019Etat, ministre de l\u2019Administration territoriale et de la D\u00e9centralisation, Cl\u00e9ment Sawadogo, a f\u00e9licit\u00e9 les jeunes officiers et remerci\u00e9 l\u2019ambassade de France au Burkina Faso qui soutient l\u2019ISEPC depuis sa conception.<\/p>\n<p style=\"text-align: right\"><strong>Jean-Marie TOE<\/strong><\/p>\n<p>L\u2019article <a rel=\"nofollow\" href=\"https:\/\/www.sidwaya.info\/blog\/2021\/07\/08\/institut-superieur-detudes-de-protection-civile-18-officiers-sapeurs-pompiers-a-la-disposition-de-12-pays-africains\/\">Institut sup\u00e9rieur d\u2019\u00e9tudes  de protection civile : 18 officiers sapeurs-pompiers  \u00e0 la disposition de 12 pays  africains<\/a> est apparu en premier sur <a rel=\"nofollow\" href=\"https:\/\/www.sidwaya.info\/\">Quotidien Sidwaya<\/a>.<\/p>\n<\/div>\n<p>Auteur: JK. Sidwaya<br \/>\n<a href=\"https:\/\/www.sidwaya.info\/blog\/2021\/07\/08\/institut-superieur-detudes-de-protection-civile-18-officiers-sapeurs-pompiers-a-la-disposition-de-12-pays-africains\/\">Cliquez ici pour lire l&rsquo;article depuis sa source.<\/a><\/p>\n","protected":false},"excerpt":{"rendered":"<p>L\u2019Institut sup\u00e9rieur d\u2019\u00e9tudes de protection civile (ISEPC) a organis\u00e9, le jeudi 8 juillet 2021 \u00e0 Ouagadougou, la fin de Formation initiale d\u2019officier (FIO) sapeur-pompier. Au nombre de 18 admis sur 20, ces stagiaires sont issus de 12 pays africains. Apr\u00e8s cinq mois de formation, entam\u00e9e le 8 f\u00e9vrier dernier, 18 officiers sapeurs-pompiers sur 20 stagiaires [&hellip;]<\/p>\n","protected":false},"author":1816,"featured_media":0,"comment_status":"closed","ping_status":"closed","sticky":false,"template":"","format":"standard","meta":{"fifu_image_url":"","fifu_image_alt":"","footnotes":""},"categories":[73,81],"tags":[],"class_list":["post-120860","post","type-post","status-publish","format-standard","hentry","category-actualite","category-burkina-faso"],"_links":{"self":[{"href":"https:\/\/linitiative.ca\/International\/wp-json\/wp\/v2\/posts\/120860","targetHints":{"allow":["GET"]}}],"collection":[{"href":"https:\/\/linitiative.ca\/International\/wp-json\/wp\/v2\/posts"}],"about":[{"href":"https:\/\/linitiative.ca\/International\/wp-json\/wp\/v2\/types\/post"}],"author":[{"embeddable":true,"href":"https:\/\/linitiative.ca\/International\/wp-json\/wp\/v2\/users\/1816"}],"replies":[{"embeddable":true,"href":"https:\/\/linitiative.ca\/International\/wp-json\/wp\/v2\/comments?post=120860"}],"version-history":[{"count":0,"href":"https:\/\/linitiative.ca\/International\/wp-json\/wp\/v2\/posts\/120860\/revisions"}],"wp:attachment":[{"href":"https:\/\/linitiative.ca\/International\/wp-json\/wp\/v2\/media?parent=120860"}],"wp:term":[{"taxonomy":"category","embeddable":true,"href":"https:\/\/linitiative.ca\/International\/wp-json\/wp\/v2\/categories?post=120860"},{"taxonomy":"post_tag","embeddable":true,"href":"https:\/\/linitiative.ca\/International\/wp-json\/wp\/v2\/tags?post=120860"}],"curies":[{"name":"wp","href":"https:\/\/api.w.org\/{rel}","templated":true}]}}