{"id":120862,"date":"2021-07-08T17:24:40","date_gmt":"2021-07-08T21:24:40","guid":{"rendered":"https:\/\/linitiative.ca\/International\/construction-de-laeroport-de-donsin-loperationnalisation-en-2024-selon-le-dg-de-la-moad-adama-belem\/"},"modified":"2021-07-08T17:24:40","modified_gmt":"2021-07-08T21:24:40","slug":"construction-de-laeroport-de-donsin-loperationnalisation-en-2024-selon-le-dg-de-la-moad-adama-belem","status":"publish","type":"post","link":"https:\/\/linitiative.ca\/International\/construction-de-laeroport-de-donsin-loperationnalisation-en-2024-selon-le-dg-de-la-moad-adama-belem\/","title":{"rendered":"Construction de l\u2019a\u00e9roport de Donsin :  \u201cL\u2019op\u00e9rationnalisation  en 2024\u201d, selon le DG  de la MOAD, Adama B\u00e9lem"},"content":{"rendered":"<div>\n<p><strong>Le Premier ministre, Christophe Joseph Marie Dabir\u00e9, a pr\u00e9sid\u00e9, le jeudi 8 juillet 2021 en fin de matin\u00e9e, une session du conseil d\u2019orientation de la Ma\u00eetrise d\u2019ouvrage de l\u2019a\u00e9roport de Donsin (MOAD). L\u2019ordre du jour de cette rencontre a port\u00e9 sur l\u2019\u00e9tat d\u2019avancement des travaux, ainsi que la mise en \u0153uvre de certaines recommandations, faites lors du conseil d\u2019orientation pass\u00e9.<\/strong><\/p>\n<p>Afin de donner un coup d\u2019acc\u00e9l\u00e9rateur aux travaux de construction de l\u2019a\u00e9roport de Donsin, le chef du gouvernement, Christophe Joseph Marie Dabir\u00e9, a pr\u00e9sid\u00e9, le 8 juillet 2021 dans les locaux de la Primature, une session du conseil d\u2019orientation de la Ma\u00eetrise d\u2019ouvrage de l\u2019a\u00e9roport de Donsin (MOAD).<br \/>\nDe l\u2019avis du Directeur g\u00e9n\u00e9ral (DG) de la MOAD, Adama B\u00e9lem, les travaux de cette infrastructure importante pour notre pays sont aujourd\u2019hui, dans une phase d\u2019acc\u00e9l\u00e9ration. Le projet, a-t-il expliqu\u00e9, comprend plusieurs composantes : les voies d\u2019acc\u00e8s (qui sont totalement achev\u00e9es), les voiries \u00e0 l\u2019int\u00e9rieur de la plateforme a\u00e9roportuaire, la base militaire (en cours de r\u00e9alisation).<\/p>\n<p>En ce qui concerne les composantes proprement dites de l\u2019a\u00e9roport, il a cit\u00e9 l\u2019a\u00e9rodrome avec la chauss\u00e9e a\u00e9ronautique dont les travaux ont d\u00e9marr\u00e9 en janvier 2021. Il y a aussi les b\u00e2timents en zone technique qui ont d\u00e9marr\u00e9 au mois de mars 2021. \u00ab Nous allons lancer bient\u00f4t les travaux de l\u2019a\u00e9rogare, pr\u00e9vus pour mars 2022 \u00bb, a ajout\u00e9 M. B\u00e9lem.<br \/>\nA quand la fin des travaux de cet a\u00e9roport, dont les travaux ont \u00e9t\u00e9 lanc\u00e9s en novembre 2017 ? \u00ab Nous avons \u00e9t\u00e9 instruits par le pr\u00e9sident du Faso, de reprendre les n\u00e9gociations avec la soci\u00e9t\u00e9 d\u2019\u00e9conomie mixte qui doit r\u00e9aliser l\u2019a\u00e9rogare. Dans les \u00e9changes, nous avons retenu que les travaux de l\u2019a\u00e9rogare vont d\u00e9marrer en mars 2022 et l\u2019op\u00e9rationnalisation est pr\u00e9vue pour le premier semestre de l\u2019ann\u00e9e 2024 \u00bb, a r\u00e9pondu le directeur g\u00e9n\u00e9ral de la MOAD.<\/p>\n<p>Enfin, Adama B\u00e9lem a r\u00e9v\u00e9l\u00e9 que le Premier ministre, qui est le pr\u00e9sident du conseil d\u2019orientation de la MOAD, a fait de \u00ab fortes recommandations \u00bb au cours de la session. Il s\u2019agit de travailler \u00e0 finaliser le projet de convention avec le groupement \u00ab Meridiam A\u00e9roport de Marseille \u00bb, partenaire majoritaire de la soci\u00e9t\u00e9 d\u2019\u00e9conomie mixte. Le chef du gouvernement a \u00e9galement donn\u00e9 des instructions au minist\u00e8re en charge de l\u2019\u00e9conomie, pour accompagner la MOAD dans la r\u00e9solution des difficult\u00e9s financi\u00e8res.<\/p>\n<p style=\"text-align: right\"><strong>DCRP\/Primature<\/strong><\/p>\n<p>L\u2019article <a rel=\"nofollow\" href=\"https:\/\/www.sidwaya.info\/blog\/2021\/07\/08\/construction-de-laeroport-de-donsin-loperationnalisation-en-2024-selon-le-dg-de-la-moad-adama-belem\/\">Construction de l\u2019a\u00e9roport de Donsin :  \u201cL\u2019op\u00e9rationnalisation  en 2024\u201d, selon le DG  de la MOAD, Adama B\u00e9lem<\/a> est apparu en premier sur <a rel=\"nofollow\" href=\"https:\/\/www.sidwaya.info\/\">Quotidien Sidwaya<\/a>.<\/p>\n<\/div>\n<p>Auteur: JK. Sidwaya<br \/>\n<a href=\"https:\/\/www.sidwaya.info\/blog\/2021\/07\/08\/construction-de-laeroport-de-donsin-loperationnalisation-en-2024-selon-le-dg-de-la-moad-adama-belem\/\">Cliquez ici pour lire l&rsquo;article depuis sa source.<\/a><\/p>\n","protected":false},"excerpt":{"rendered":"<p>Le Premier ministre, Christophe Joseph Marie Dabir\u00e9, a pr\u00e9sid\u00e9, le jeudi 8 juillet 2021 en fin de matin\u00e9e, une session du conseil d\u2019orientation de la Ma\u00eetrise d\u2019ouvrage de l\u2019a\u00e9roport de Donsin (MOAD). L\u2019ordre du jour de cette rencontre a port\u00e9 sur l\u2019\u00e9tat d\u2019avancement des travaux, ainsi que la mise en \u0153uvre de certaines recommandations, faites [&hellip;]<\/p>\n","protected":false},"author":1816,"featured_media":0,"comment_status":"closed","ping_status":"closed","sticky":false,"template":"","format":"standard","meta":{"fifu_image_url":"","fifu_image_alt":"","footnotes":""},"categories":[73,81],"tags":[],"class_list":["post-120862","post","type-post","status-publish","format-standard","hentry","category-actualite","category-burkina-faso"],"_links":{"self":[{"href":"https:\/\/linitiative.ca\/International\/wp-json\/wp\/v2\/posts\/120862","targetHints":{"allow":["GET"]}}],"collection":[{"href":"https:\/\/linitiative.ca\/International\/wp-json\/wp\/v2\/posts"}],"about":[{"href":"https:\/\/linitiative.ca\/International\/wp-json\/wp\/v2\/types\/post"}],"author":[{"embeddable":true,"href":"https:\/\/linitiative.ca\/International\/wp-json\/wp\/v2\/users\/1816"}],"replies":[{"embeddable":true,"href":"https:\/\/linitiative.ca\/International\/wp-json\/wp\/v2\/comments?post=120862"}],"version-history":[{"count":0,"href":"https:\/\/linitiative.ca\/International\/wp-json\/wp\/v2\/posts\/120862\/revisions"}],"wp:attachment":[{"href":"https:\/\/linitiative.ca\/International\/wp-json\/wp\/v2\/media?parent=120862"}],"wp:term":[{"taxonomy":"category","embeddable":true,"href":"https:\/\/linitiative.ca\/International\/wp-json\/wp\/v2\/categories?post=120862"},{"taxonomy":"post_tag","embeddable":true,"href":"https:\/\/linitiative.ca\/International\/wp-json\/wp\/v2\/tags?post=120862"}],"curies":[{"name":"wp","href":"https:\/\/api.w.org\/{rel}","templated":true}]}}