{"id":120863,"date":"2021-07-08T17:33:19","date_gmt":"2021-07-08T21:33:19","guid":{"rendered":"https:\/\/linitiative.ca\/International\/election-unse-soumaila-ilboudo-et-ses-reformes-profondes\/"},"modified":"2021-07-08T17:33:19","modified_gmt":"2021-07-08T21:33:19","slug":"election-unse-soumaila-ilboudo-et-ses-reformes-profondes","status":"publish","type":"post","link":"https:\/\/linitiative.ca\/International\/election-unse-soumaila-ilboudo-et-ses-reformes-profondes\/","title":{"rendered":"Election UNSE : Souma\u00efla Ilboudo et ses  r\u00e9formes profondes"},"content":{"rendered":"<div>\n<p><strong>La candidature de Souma\u00efla Ilboudo au poste de pr\u00e9sident de l\u2019Union nationale des supporters des Etalons a \u00e9t\u00e9 officiellement annonc\u00e9e, le 6 juillet dernier, au cours d\u2019une conf\u00e9rence de presse anim\u00e9e \u00e0 Ouagadougou. Il ambitionne apporter des r\u00e9formes profondes aux niveaux structurel, institutionnel, <\/strong><br \/>\n<strong>r\u00e9glementaire et op\u00e9rationnel.<\/strong><\/p>\n<p>Apr\u00e8s avoir d\u00e9missionn\u00e9 de la pr\u00e9sidence de l\u2019Union nationale des supporters des Etalons (UNSE) \u00ab pour convenance personnelle \u00bb, Souma\u00efla Ilboudo veut revenir aux affaires. Il a officiellement annonc\u00e9 sa candidature, le 6 juillet dernier au cours d\u2019une conf\u00e9rence de presse \u00e0 Ouagadougou. Pour cette nouvelle aventure, Souma\u00efla Ilboudo entend apporter des r\u00e9formes profondes \u00e0 la fois aux niveaux structurel, institutionnel, r\u00e9glementaire et m\u00eame op\u00e9rationnel qui, selon lui, feront de l\u2019UNSE une structure de soutien \u00e0 toutes les disciplines sportives. Pour cela, \u00ab il a \u00e9t\u00e9 con\u00e7u un plan-cadre qui renferme les actions \u00e0 conduire \u00e0 tous les niveaux pour atteindre l\u2019objectif global \u00bb. De ce plan-cadre, il ressort, entre autres, la mise \u00e0 jour des textes fondamentaux de l\u2019UNSE; la conversion du plan-cadre en programme d\u2019activit\u00e9s apr\u00e8s son enrichissement par les apports des structures r\u00e9gionales et provinciales; la tenue d\u2019activit\u00e9s de sensibilisation des supporters et la vulgarisation des r\u00e9glementations de chaque discipline et la prospection en vue de l\u2019\u00e9largissement des ressources financi\u00e8res par la signature de convention de partenariats clairs. Toutes ces r\u00e9formes, selon le candidat, visent \u00e0 rompre avec les m\u00e9thodes radicales du pass\u00e9 dont les acteurs n\u2019avaient pas pu tirer des le\u00e7ons du fait de l\u2019absence de m\u00e9moire, de la navigation \u00e0 vue et l\u2019opacit\u00e9 de la gestion de l\u2019\u00e9poque.<\/p>\n<p>A la suite des rumeurs selon lesquelles le candidat aurait pris la fuite \u00e0 la suite d\u2019une convocation de justice du Tribunal de grande instance (TGI) de Ouagadougou, Souma\u00efla Ilboudo, en plus d\u2019apporter un d\u00e9menti a donn\u00e9 sa version des choses. \u00ab Une semaine apr\u00e8s mon voyage, ma femme m\u2019a appel\u00e9 vers 20h pour me faire comprendre qu\u2019il y a une personne qui est pass\u00e9e \u00e0 la maison aux environs de 19h 46 mn pour laisser une convocation. Le lendemain j\u2019ai appel\u00e9 mon avocat et apr\u00e8s v\u00e9rification, il m\u2019a fait savoir qu\u2019il s\u2019agit d\u2019une affaire qui remonte \u00e0 2015. Comme c\u2019est une affaire de justice, le lendemain j\u2019ai pris l\u2019avion et je suis revenu \u00bb, d\u00e9clare Souma\u00efla Ilboudo tout en pr\u00e9cisant qu\u2019il n\u2019\u00e9tait pas au courant de la convocation lorsqu\u2019il quittait le pays. Pour lui, cette convocation est un moyen que ses d\u00e9tracteurs comptent utiliser pour l\u2019emp\u00eacher de pr\u00e9senter sa candidature au poste de pr\u00e9sident de l\u2019UNSE. \u00ab La justice est ind\u00e9pendante et je sais qu\u2019elle fera son travail \u00bb, foi de Souma\u00efla Ilboudo. Pour rappel, l\u2019assembl\u00e9e g\u00e9n\u00e9rale \u00e9lective est pr\u00e9vue pour le samedi 17 juillet prochain \u00e0 Ouagadougou.<\/p>\n<p style=\"text-align: right\">\u00a0<strong>Ollo Aim\u00e9 C\u00e9saire HIEN<\/strong><\/p>\n<p>\u00a0<\/p>\n<p>\u00a0<\/p>\n<p>\u00a0<\/p>\n<p>\u00a0<\/p>\n<p>L\u2019article <a rel=\"nofollow\" href=\"https:\/\/www.sidwaya.info\/blog\/2021\/07\/08\/election-unse-soumaila-ilboudo-et-ses-reformes-profondes\/\">Election UNSE : Souma\u00efla Ilboudo et ses  r\u00e9formes profondes<\/a> est apparu en premier sur <a rel=\"nofollow\" href=\"https:\/\/www.sidwaya.info\/\">Quotidien Sidwaya<\/a>.<\/p>\n<\/div>\n<p>Auteur: JK. Sidwaya<br \/>\n<a href=\"https:\/\/www.sidwaya.info\/blog\/2021\/07\/08\/election-unse-soumaila-ilboudo-et-ses-reformes-profondes\/\">Cliquez ici pour lire l&rsquo;article depuis sa source.<\/a><\/p>\n","protected":false},"excerpt":{"rendered":"<p>La candidature de Souma\u00efla Ilboudo au poste de pr\u00e9sident de l\u2019Union nationale des supporters des Etalons a \u00e9t\u00e9 officiellement annonc\u00e9e, le 6 juillet dernier, au cours d\u2019une conf\u00e9rence de presse anim\u00e9e \u00e0 Ouagadougou. Il ambitionne apporter des r\u00e9formes profondes aux niveaux structurel, institutionnel, r\u00e9glementaire et op\u00e9rationnel. Apr\u00e8s avoir d\u00e9missionn\u00e9 de la pr\u00e9sidence de l\u2019Union nationale [&hellip;]<\/p>\n","protected":false},"author":1816,"featured_media":0,"comment_status":"closed","ping_status":"closed","sticky":false,"template":"","format":"standard","meta":{"fifu_image_url":"","fifu_image_alt":"","footnotes":""},"categories":[73,81],"tags":[],"class_list":["post-120863","post","type-post","status-publish","format-standard","hentry","category-actualite","category-burkina-faso"],"_links":{"self":[{"href":"https:\/\/linitiative.ca\/International\/wp-json\/wp\/v2\/posts\/120863","targetHints":{"allow":["GET"]}}],"collection":[{"href":"https:\/\/linitiative.ca\/International\/wp-json\/wp\/v2\/posts"}],"about":[{"href":"https:\/\/linitiative.ca\/International\/wp-json\/wp\/v2\/types\/post"}],"author":[{"embeddable":true,"href":"https:\/\/linitiative.ca\/International\/wp-json\/wp\/v2\/users\/1816"}],"replies":[{"embeddable":true,"href":"https:\/\/linitiative.ca\/International\/wp-json\/wp\/v2\/comments?post=120863"}],"version-history":[{"count":0,"href":"https:\/\/linitiative.ca\/International\/wp-json\/wp\/v2\/posts\/120863\/revisions"}],"wp:attachment":[{"href":"https:\/\/linitiative.ca\/International\/wp-json\/wp\/v2\/media?parent=120863"}],"wp:term":[{"taxonomy":"category","embeddable":true,"href":"https:\/\/linitiative.ca\/International\/wp-json\/wp\/v2\/categories?post=120863"},{"taxonomy":"post_tag","embeddable":true,"href":"https:\/\/linitiative.ca\/International\/wp-json\/wp\/v2\/tags?post=120863"}],"curies":[{"name":"wp","href":"https:\/\/api.w.org\/{rel}","templated":true}]}}