{"id":120865,"date":"2021-07-08T11:18:03","date_gmt":"2021-07-08T15:18:03","guid":{"rendered":"https:\/\/linitiative.ca\/International\/differend-commercial-parlementaires-nigerians-et-ghaneens-echangent\/"},"modified":"2021-07-08T11:18:03","modified_gmt":"2021-07-08T15:18:03","slug":"differend-commercial-parlementaires-nigerians-et-ghaneens-echangent","status":"publish","type":"post","link":"https:\/\/linitiative.ca\/International\/differend-commercial-parlementaires-nigerians-et-ghaneens-echangent\/","title":{"rendered":"Diff\u00e9rend commercial : parlementaires nig\u00e9rians et ghan\u00e9ens \u00e9changent"},"content":{"rendered":"<div>\n<p><img loading=\"lazy\" decoding=\"async\" width=\"638\" height=\"345\" src=\"https:\/\/linitiative.ca\/International\/wp-content\/uploads\/sites\/23\/2021\/07\/16257574838921.jpg\" class=\"attachment-post-thumbnail size-post-thumbnail wp-post-image\" alt=\"\" srcset=\"https:\/\/linitiative.ca\/International\/wp-content\/uploads\/sites\/23\/2021\/07\/16257574838921.jpg 638w, https:\/\/www.journalducameroun.com\/wp-content\/uploads\/2021\/07\/16257574838921-300x162.jpg 300w, https:\/\/www.journalducameroun.com\/wp-content\/uploads\/2021\/07\/16257574838921-600x324.jpg 600w\" sizes=\"auto, (max-width: 638px) 100vw, 638px\"><\/p>\n<p>Les dirigeants du Parlement nig\u00e9rian et leurs homologues ghan\u00e9ens ont entam\u00e9 des discussions pour r\u00e9soudre les tensions commerciales entre les deux pays.Le pr\u00e9sident de la Chambre des repr\u00e9sentants du Nigeria, M. Femi Gbajabiamila, et le pr\u00e9sident du Parlement ghan\u00e9en, M. Alban Sumana Bagbin, ont d\u00e9clar\u00e9 au sortir d&rsquo;une r\u00e9union diplomatique \u00e0 huis clos \u00e0 Abuja mercredi, que le diff\u00e9rend commercial serait bient\u00f4t de l&rsquo;histoire ancienne.<\/p>\n<p>Un communiqu\u00e9 publi\u00e9 apr\u00e8s la r\u00e9union, et sign\u00e9 par Gbajabiamila, a indiqu\u00e9 que son homologue ghan\u00e9en avait \u00e9t\u00e9 re\u00e7u \u00e0 la Chambre pour s&rsquo;adresser aux membres dans le cadre de la \u00ab diplomatie parlementaire\u00a0\u00bb de la Chambre des repr\u00e9sentants du Nigeria.<\/p>\n<p>\u00ab Nous avons re\u00e7u l&rsquo;assurance des deux parties que la question du diff\u00e9rend commercial appartiendrait bient\u00f4t au pass\u00e9. Nous sommes en train de mettre en place un m\u00e9canisme pour nous assurer que ces probl\u00e8mes ne se reproduisent pas \u00e0 l&rsquo;avenir \u00bb, a poursuivi M. Bagbin.<\/p>\n<p>Selon les m\u00e9dias locaux, cette tension commerciale est n\u00e9e des frais d&rsquo;une taxe d&rsquo;un million de dollars introduite par les autorit\u00e9s ghan\u00e9ennes envers les \u00e9trangers. Une telle mesure a entra\u00een\u00e9 la fermeture de plus de 150 magasins appartenant \u00e0 des commer\u00e7ants, incapables de payer ces frais de participation.<\/p>\n<p>Le pr\u00e9sident du Parlement nig\u00e9rian a d\u00e9clar\u00e9 que la r\u00e9union \u00e0 huis clos avait \u00e9t\u00e9 un succ\u00e8s, puisque des questions d&rsquo;int\u00e9r\u00eat commun pour les deux pays ont \u00e9t\u00e9 discut\u00e9es.<\/p>\n<p>\u00ab Nous avons plus ou moins conclu la feuille de route pour parvenir \u00e0 des solutions durables aux probl\u00e8mes diplomatiques avec nos commer\u00e7ants \u00bb a-t-il soulign\u00e9.<\/p>\n<p>\u00ab Le probl\u00e8me entre nos n\u00e9gociants et les autorit\u00e9s ghan\u00e9ennes a \u00e9t\u00e9 r\u00e9gl\u00e9 aujourd&rsquo;hui. Le Ministre du commerce et le Ministre d&rsquo;Etat aux affaires \u00e9trang\u00e8res \u00e9taient pr\u00e9sents \u00e0 la r\u00e9union.\u00a0Un comit\u00e9 technique a \u00e9t\u00e9 mis en place et il se rendra au Ghana la semaine prochaine \u00bb, a-t-il ajout\u00e9.<\/p>\n<p>Cet article <a rel=\"nofollow\" href=\"https:\/\/www.journalducameroun.com\/differend-commercial-parlementaires-nigerians-et-ghaneens-echangent\/\">Diff\u00e9rend commercial : parlementaires nig\u00e9rians et ghan\u00e9ens \u00e9changent<\/a> est apparu en premier sur <a rel=\"nofollow\" href=\"https:\/\/www.journalducameroun.com\/\">Journal du Cameroun<\/a>.<\/p>\n<\/div>\n<p>Auteur: APA News<br \/>\n<a href=\"https:\/\/www.journalducameroun.com\/differend-commercial-parlementaires-nigerians-et-ghaneens-echangent\/\">Cliquez ici pour lire l&rsquo;article depuis sa source.<\/a><\/p>\n","protected":false},"excerpt":{"rendered":"<p>Les dirigeants du Parlement nig\u00e9rian et leurs homologues ghan\u00e9ens ont entam\u00e9 des discussions pour r\u00e9soudre les tensions commerciales entre les deux pays.Le pr\u00e9sident de la Chambre des repr\u00e9sentants du Nigeria, M. Femi Gbajabiamila, et le pr\u00e9sident du Parlement ghan\u00e9en, M. Alban Sumana Bagbin, ont d\u00e9clar\u00e9 au sortir d&rsquo;une r\u00e9union diplomatique \u00e0 huis clos \u00e0 Abuja [&hellip;]<\/p>\n","protected":false},"author":1965,"featured_media":0,"comment_status":"closed","ping_status":"closed","sticky":false,"template":"","format":"standard","meta":{"fifu_image_url":"https:\/\/www.journalducameroun.com\/wp-content\/uploads\/2021\/07\/16257574838921.jpg","fifu_image_alt":"Diff\u00e9rend commercial : parlementaires nig\u00e9rians et ghan\u00e9ens \u00e9changent","footnotes":""},"categories":[73,82],"tags":[],"class_list":["post-120865","post","type-post","status-publish","format-standard","hentry","category-actualite","category-cameroun"],"_links":{"self":[{"href":"https:\/\/linitiative.ca\/International\/wp-json\/wp\/v2\/posts\/120865","targetHints":{"allow":["GET"]}}],"collection":[{"href":"https:\/\/linitiative.ca\/International\/wp-json\/wp\/v2\/posts"}],"about":[{"href":"https:\/\/linitiative.ca\/International\/wp-json\/wp\/v2\/types\/post"}],"author":[{"embeddable":true,"href":"https:\/\/linitiative.ca\/International\/wp-json\/wp\/v2\/users\/1965"}],"replies":[{"embeddable":true,"href":"https:\/\/linitiative.ca\/International\/wp-json\/wp\/v2\/comments?post=120865"}],"version-history":[{"count":0,"href":"https:\/\/linitiative.ca\/International\/wp-json\/wp\/v2\/posts\/120865\/revisions"}],"wp:attachment":[{"href":"https:\/\/linitiative.ca\/International\/wp-json\/wp\/v2\/media?parent=120865"}],"wp:term":[{"taxonomy":"category","embeddable":true,"href":"https:\/\/linitiative.ca\/International\/wp-json\/wp\/v2\/categories?post=120865"},{"taxonomy":"post_tag","embeddable":true,"href":"https:\/\/linitiative.ca\/International\/wp-json\/wp\/v2\/tags?post=120865"}],"curies":[{"name":"wp","href":"https:\/\/api.w.org\/{rel}","templated":true}]}}