{"id":120867,"date":"2021-07-08T11:54:30","date_gmt":"2021-07-08T15:54:30","guid":{"rendered":"https:\/\/linitiative.ca\/International\/cameroun-mr-leo-selectionne-pour-lacademie-denregistrement-des-grammy-awards\/"},"modified":"2021-07-08T11:54:30","modified_gmt":"2021-07-08T15:54:30","slug":"cameroun-mr-leo-selectionne-pour-lacademie-denregistrement-des-grammy-awards","status":"publish","type":"post","link":"https:\/\/linitiative.ca\/International\/cameroun-mr-leo-selectionne-pour-lacademie-denregistrement-des-grammy-awards\/","title":{"rendered":"Cameroun : Mr. L\u00e9o s\u00e9lectionn\u00e9 pour l\u2019acad\u00e9mie d\u2019enregistrement des Grammy Awards"},"content":{"rendered":"<div>\n<p><img loading=\"lazy\" decoding=\"async\" width=\"900\" height=\"508\" src=\"https:\/\/linitiative.ca\/International\/wp-content\/uploads\/sites\/23\/2021\/07\/mr-leo-people237.jpg\" class=\"attachment-post-thumbnail size-post-thumbnail wp-post-image\" alt=\"\" srcset=\"https:\/\/linitiative.ca\/International\/wp-content\/uploads\/sites\/23\/2021\/07\/mr-leo-people237.jpg 900w, https:\/\/www.journalducameroun.com\/wp-content\/uploads\/2021\/07\/mr-leo-people237-300x169.jpg 300w, https:\/\/www.journalducameroun.com\/wp-content\/uploads\/2021\/07\/mr-leo-people237-768x433.jpg 768w, https:\/\/www.journalducameroun.com\/wp-content\/uploads\/2021\/07\/mr-leo-people237-780x440.jpg 780w, https:\/\/www.journalducameroun.com\/wp-content\/uploads\/2021\/07\/mr-leo-people237-380x215.jpg 380w, https:\/\/www.journalducameroun.com\/wp-content\/uploads\/2021\/07\/mr-leo-people237-160x90.jpg 160w, https:\/\/www.journalducameroun.com\/wp-content\/uploads\/2021\/07\/mr-leo-people237-240x135.jpg 240w, https:\/\/www.journalducameroun.com\/wp-content\/uploads\/2021\/07\/mr-leo-people237-600x339.jpg 600w\" sizes=\"auto, (max-width: 900px) 100vw, 900px\"><\/p>\n<h5 style=\"text-align: justify;\"><strong>L&rsquo;artiste va repr\u00e9senter le Cameroun aux Etats-Unis. Il fait partie des membres de l&rsquo;acad\u00e9mie d&rsquo;enregistrement des Grammy Awards 2021.<\/strong><\/h5>\n<p style=\"text-align: justify;\">\n<p style=\"text-align: justify;\"><strong>\u00a0Mr. L\u00e9o<\/strong> va au-del\u00e0 de nos fronti\u00e8res pour faire valoir son savoir-faire dans la musique. L&rsquo;artiste est \u00e9mu et a annonc\u00e9 la grande nouvelle \u00e0 ses followers: \u00ab\u00a0<em>Aujourd&rsquo;hui, je suis fier d&rsquo;annoncer \u00e0 toute la jungle que je suis officiellement membre de la \u00ab\u00a0<strong>Grammy Recording Academy<\/strong>\u00a0\u00bb, classe de 2021.<\/em>\u00ab\u00a0.<\/p>\n<p style=\"text-align: justify;\">C&rsquo;est surement une premi\u00e8re pour bien des camerounais d&rsquo;entendre parler de cette acad\u00e9mie mais elle est l&rsquo;une des plus prestigieuses du monde dans le domaine de la musique. \u00ab\u00a0<em>Les membres de la Recording Academy sont une voix collective qui, ensemble, cr\u00e9e un monde meilleur pour la musique et ses cr\u00e9ateurs, et a la capacit\u00e9 de faire avancer notre industrie.\u00a0L&rsquo;adh\u00e9sion \u00e0 la Recording Academy est un privil\u00e8ge r\u00e9serv\u00e9 \u00e0 ceux dont les excellentes r\u00e9alisations professionnelles n&rsquo;ont d&rsquo;\u00e9gal que leur passion pour la communaut\u00e9 musicale.<\/em>\u00a0\u00bb, \u00a0peut-on lire sur le site web officiel des <strong>Grammy Awards<\/strong>.<\/p>\n<p style=\"text-align: justify;\">Il s&rsquo;agit d&rsquo;un centre sp\u00e9cial pour les artistes, o\u00f9 \u00ab\u00a0<em>les membres travaillent ensemble pour construire un monde meilleur et plus inspirant pour la musique et ses cr\u00e9ateurs.<\/em>\u00ab\u00a0.<\/p>\n<p>Cet article <a rel=\"nofollow\" href=\"https:\/\/www.journalducameroun.com\/cameroun-mr-leo-selectionne-pour-lacademie-denregistrement-des-grammy-awards-cameroun\/\">Cameroun : Mr. L\u00e9o s\u00e9lectionn\u00e9 pour l\u2019acad\u00e9mie d\u2019enregistrement des Grammy Awards<\/a> est apparu en premier sur <a rel=\"nofollow\" href=\"https:\/\/www.journalducameroun.com\/\">Journal du Cameroun<\/a>.<\/p>\n<\/div>\n<p>Auteur: Christian DJIMADEU<br \/>\n<a href=\"https:\/\/www.journalducameroun.com\/cameroun-mr-leo-selectionne-pour-lacademie-denregistrement-des-grammy-awards-cameroun\/\">Cliquez ici pour lire l&rsquo;article depuis sa source.<\/a><\/p>\n","protected":false},"excerpt":{"rendered":"<p>L&rsquo;artiste va repr\u00e9senter le Cameroun aux Etats-Unis. Il fait partie des membres de l&rsquo;acad\u00e9mie d&rsquo;enregistrement des Grammy Awards 2021. \u00a0Mr. L\u00e9o va au-del\u00e0 de nos fronti\u00e8res pour faire valoir son savoir-faire dans la musique. L&rsquo;artiste est \u00e9mu et a annonc\u00e9 la grande nouvelle \u00e0 ses followers: \u00ab\u00a0Aujourd&rsquo;hui, je suis fier d&rsquo;annoncer \u00e0 toute la jungle [&hellip;]<\/p>\n","protected":false},"author":1965,"featured_media":0,"comment_status":"closed","ping_status":"closed","sticky":false,"template":"","format":"standard","meta":{"fifu_image_url":"https:\/\/www.journalducameroun.com\/wp-content\/uploads\/2021\/07\/mr-leo-people237.jpg","fifu_image_alt":"Cameroun : Mr. L\u00e9o s\u00e9lectionn\u00e9 pour l\u2019acad\u00e9mie d\u2019enregistrement des Grammy Awards","footnotes":""},"categories":[73,82],"tags":[],"class_list":["post-120867","post","type-post","status-publish","format-standard","hentry","category-actualite","category-cameroun"],"_links":{"self":[{"href":"https:\/\/linitiative.ca\/International\/wp-json\/wp\/v2\/posts\/120867","targetHints":{"allow":["GET"]}}],"collection":[{"href":"https:\/\/linitiative.ca\/International\/wp-json\/wp\/v2\/posts"}],"about":[{"href":"https:\/\/linitiative.ca\/International\/wp-json\/wp\/v2\/types\/post"}],"author":[{"embeddable":true,"href":"https:\/\/linitiative.ca\/International\/wp-json\/wp\/v2\/users\/1965"}],"replies":[{"embeddable":true,"href":"https:\/\/linitiative.ca\/International\/wp-json\/wp\/v2\/comments?post=120867"}],"version-history":[{"count":0,"href":"https:\/\/linitiative.ca\/International\/wp-json\/wp\/v2\/posts\/120867\/revisions"}],"wp:attachment":[{"href":"https:\/\/linitiative.ca\/International\/wp-json\/wp\/v2\/media?parent=120867"}],"wp:term":[{"taxonomy":"category","embeddable":true,"href":"https:\/\/linitiative.ca\/International\/wp-json\/wp\/v2\/categories?post=120867"},{"taxonomy":"post_tag","embeddable":true,"href":"https:\/\/linitiative.ca\/International\/wp-json\/wp\/v2\/tags?post=120867"}],"curies":[{"name":"wp","href":"https:\/\/api.w.org\/{rel}","templated":true}]}}