{"id":120869,"date":"2021-07-08T12:18:02","date_gmt":"2021-07-08T16:18:02","guid":{"rendered":"https:\/\/linitiative.ca\/International\/afrique-subsaharienne-de-belles-perspectives-pour-la-5g\/"},"modified":"2021-07-08T12:18:02","modified_gmt":"2021-07-08T16:18:02","slug":"afrique-subsaharienne-de-belles-perspectives-pour-la-5g","status":"publish","type":"post","link":"https:\/\/linitiative.ca\/International\/afrique-subsaharienne-de-belles-perspectives-pour-la-5g\/","title":{"rendered":"Afrique subsaharienne : de belles perspectives pour la 5G"},"content":{"rendered":"<div>\n<p><img loading=\"lazy\" decoding=\"async\" width=\"465\" height=\"700\" src=\"https:\/\/linitiative.ca\/International\/wp-content\/uploads\/sites\/23\/2021\/07\/16257610822772.jpg\" class=\"attachment-post-thumbnail size-post-thumbnail wp-post-image\" alt=\"\" srcset=\"https:\/\/linitiative.ca\/International\/wp-content\/uploads\/sites\/23\/2021\/07\/16257610822772.jpg 465w, https:\/\/www.journalducameroun.com\/wp-content\/uploads\/2021\/07\/16257610822772-199x300.jpg 199w, https:\/\/www.journalducameroun.com\/wp-content\/uploads\/2021\/07\/16257610822772-292x440.jpg 292w\" sizes=\"auto, (max-width: 465px) 100vw, 465px\"><\/p>\n<p>Les pays du Sud du Sahara vont compter 70 millions d&rsquo;abonn\u00e9s \u00e0 la 5G dans cinq ans, selon le Rapport d&rsquo;Ericsson sur la mobilit\u00e9 parvenu ce jeudi \u00e0 APA.Les chiffres sont modestes par rapport \u00e0 d&rsquo;autres r\u00e9gions du monde, mais l&rsquo;Afrique subsaharienne n&rsquo;est pas en reste dans la course vers la 5G. Des volumes perceptibles d&rsquo;abonnements 5G sont attendus \u00e0 partir de 2022, atteignant 7 % en 2026. Globalement, les abonnements mobiles 5G d\u00e9passeront 580 millions d&rsquo;ici la fin 2021, avec environ un million de nouveaux abonnements mobiles quotidiens.<\/p>\n<p>Ces pr\u00e9visions, souligne le rapport, corroborent les attentes selon lesquelles la 5G deviendra la g\u00e9n\u00e9ration mobile la plus rapidement adopt\u00e9e. Les abonnements au haut d\u00e9bit mobile en Afrique subsaharienne devraient en effet augmenter pour atteindre 76 % des abonnements mobiles d&rsquo;ici 2026.<\/p>\n<p>Si ces tendances se confirment, la 5G d\u00e9passerait le milliard d&rsquo;abonnements deux ans avant l&rsquo;\u00e9ch\u00e9ance de la 4G LTE. Mais en attendant, note le document, c&rsquo;est la 4G qui tient la corde. Elle a polaris\u00e9 environ 15 % des abonnements mobiles en fin 2020. Alors que, de mani\u00e8re g\u00e9n\u00e9rale, sept abonnements mobiles sur dix devraient concerner le haut d\u00e9bit d&rsquo;ici 2026.<\/p>\n<p>Par ailleurs, le document estime que d&rsquo;ici 2025, les consommateurs auront ajout\u00e9 en moyenne 3,4 services en ligne \u00e0 leurs activit\u00e9s quotidiennes en ligne. Ce changement d&rsquo;habitude est notamment d\u00fb \u00e0 la Covid-19. Les pr\u00e9visions tablent sur 10 heures par semaine d&rsquo;ici 2025 que les gens passeraient en ligne par rapport \u00e0 leurs habitudes pr\u00e9-pand\u00e9miques.<\/p>\n<p>\u00ab Avec la 4G plus r\u00e9pandue et la disponibilit\u00e9 de la 5G croissante en Afrique subsaharienne, nous envisageons une +nouvelle normalit\u00e9+ avec des activit\u00e9s en ligne de plus en plus courantes d&rsquo;ici 2025 \u00bb, a d\u00e9clar\u00e9 le vice-pr\u00e9sident et Directeur d&rsquo;Ericsson pour l&rsquo;Afrique de l&rsquo;Ouest et le Maroc, Nora Wahby, cit\u00e9 par le document.<\/p>\n<p>Le dernier rapport d&rsquo;Ericsson ConsumerLab est, selon ses auteurs, la plus grande \u00e9tude de consommation d&rsquo;Ericsson \u00e0 ce jour, r\u00e9v\u00e9lant des informations cl\u00e9s sur ce que les consommateurs d&rsquo;Afrique subsaharienne pensent qu&rsquo;il se passera au-del\u00e0 de la pand\u00e9mie, jusqu&rsquo;en 2025. Il a interrog\u00e9 un \u00e9chantillon de 1 000 \u00e0 2 000 r\u00e9pondants \u00e2g\u00e9s de 15 \u00e0 79 ans.<\/p>\n<p>Cet article <a rel=\"nofollow\" href=\"https:\/\/www.journalducameroun.com\/afrique-subsaharienne-de-belles-perspectives-pour-la-5g\/\">Afrique subsaharienne : de belles perspectives pour la 5G<\/a> est apparu en premier sur <a rel=\"nofollow\" href=\"https:\/\/www.journalducameroun.com\/\">Journal du Cameroun<\/a>.<\/p>\n<\/div>\n<p>Auteur: APA News<br \/>\n<a href=\"https:\/\/www.journalducameroun.com\/afrique-subsaharienne-de-belles-perspectives-pour-la-5g\/\">Cliquez ici pour lire l&rsquo;article depuis sa source.<\/a><\/p>\n","protected":false},"excerpt":{"rendered":"<p>Les pays du Sud du Sahara vont compter 70 millions d&rsquo;abonn\u00e9s \u00e0 la 5G dans cinq ans, selon le Rapport d&rsquo;Ericsson sur la mobilit\u00e9 parvenu ce jeudi \u00e0 APA.Les chiffres sont modestes par rapport \u00e0 d&rsquo;autres r\u00e9gions du monde, mais l&rsquo;Afrique subsaharienne n&rsquo;est pas en reste dans la course vers la 5G. Des volumes perceptibles [&hellip;]<\/p>\n","protected":false},"author":1965,"featured_media":0,"comment_status":"closed","ping_status":"closed","sticky":false,"template":"","format":"standard","meta":{"fifu_image_url":"https:\/\/www.journalducameroun.com\/wp-content\/uploads\/2021\/07\/16257610822772.jpg","fifu_image_alt":"Afrique subsaharienne : de belles perspectives pour la 5G","footnotes":""},"categories":[73,82],"tags":[],"class_list":["post-120869","post","type-post","status-publish","format-standard","hentry","category-actualite","category-cameroun"],"_links":{"self":[{"href":"https:\/\/linitiative.ca\/International\/wp-json\/wp\/v2\/posts\/120869","targetHints":{"allow":["GET"]}}],"collection":[{"href":"https:\/\/linitiative.ca\/International\/wp-json\/wp\/v2\/posts"}],"about":[{"href":"https:\/\/linitiative.ca\/International\/wp-json\/wp\/v2\/types\/post"}],"author":[{"embeddable":true,"href":"https:\/\/linitiative.ca\/International\/wp-json\/wp\/v2\/users\/1965"}],"replies":[{"embeddable":true,"href":"https:\/\/linitiative.ca\/International\/wp-json\/wp\/v2\/comments?post=120869"}],"version-history":[{"count":0,"href":"https:\/\/linitiative.ca\/International\/wp-json\/wp\/v2\/posts\/120869\/revisions"}],"wp:attachment":[{"href":"https:\/\/linitiative.ca\/International\/wp-json\/wp\/v2\/media?parent=120869"}],"wp:term":[{"taxonomy":"category","embeddable":true,"href":"https:\/\/linitiative.ca\/International\/wp-json\/wp\/v2\/categories?post=120869"},{"taxonomy":"post_tag","embeddable":true,"href":"https:\/\/linitiative.ca\/International\/wp-json\/wp\/v2\/tags?post=120869"}],"curies":[{"name":"wp","href":"https:\/\/api.w.org\/{rel}","templated":true}]}}