{"id":120871,"date":"2021-07-08T12:18:02","date_gmt":"2021-07-08T16:18:02","guid":{"rendered":"https:\/\/linitiative.ca\/International\/senegal-israel-la-cooperation-humanitaire-renforcee-diplomate\/"},"modified":"2021-07-08T12:18:02","modified_gmt":"2021-07-08T16:18:02","slug":"senegal-israel-la-cooperation-humanitaire-renforcee-diplomate","status":"publish","type":"post","link":"https:\/\/linitiative.ca\/International\/senegal-israel-la-cooperation-humanitaire-renforcee-diplomate\/","title":{"rendered":"S\u00e9n\u00e9gal\/Isra\u00ebl: la coop\u00e9ration humanitaire renforc\u00e9e (diplomate)"},"content":{"rendered":"<div>\n<p><img loading=\"lazy\" decoding=\"async\" width=\"239\" height=\"211\" src=\"https:\/\/linitiative.ca\/International\/wp-content\/uploads\/sites\/23\/2021\/07\/16257610838878.jpg\" class=\"attachment-post-thumbnail size-post-thumbnail wp-post-image\" alt=\"\"><\/p>\n<p>L&rsquo;ambassadeur d&rsquo;Isra\u00ebl au S\u00e9n\u00e9gal a salu\u00e9 le renforcement de la coop\u00e9ration humanitaire entre Dakar et l&rsquo;Etat h\u00e9breu.\u00ab Ces trois derni\u00e8res ann\u00e9es, la coop\u00e9ration isra\u00e9lo-s\u00e9n\u00e9galaise s&rsquo;est beaucoup renforc\u00e9e sur le plan humanitaire, le renforcement des capacit\u00e9s et la s\u00e9curit\u00e9. Nous avons d\u00e9ploy\u00e9 nos ailes un peu partout au S\u00e9n\u00e9gal \u00bb, a dit l&rsquo;ambassadeur Ro\u00ef Rosenblit, insistant sur l&rsquo;appui de son pays aux populations vuln\u00e9rables s\u00e9n\u00e9galaises durant cette pand\u00e9mie de Covid-19.<\/p>\n<p>Le diplomate, aussi accr\u00e9dit\u00e9 en Guin\u00e9e, en Guin\u00e9e- Bissau, en Gambie et au Cabo-Verde, faisait son message d&rsquo;adieu, ce jeudi \u00e0 Dakar, apr\u00e8s trois ans en poste. La c\u00e9r\u00e9monie a \u00e9t\u00e9 combin\u00e9e \u00e0 la 13\u00e8me \u00e9dition de distribution de moutons \u00e0 63 familles s\u00e9n\u00e9galaises pour la f\u00eate de tabaski (A\u00efd el-kebir).<\/p>\n<p>Poursuivant sur la coop\u00e9ration humanitaire entre Dakar et Tel-Aviv, Ro\u00ef Rosenblit a indiqu\u00e9 que du mat\u00e9riel m\u00e9dical a \u00e9t\u00e9 offert aux districts sanitaires de Tambacounda et K\u00e9dougou (Est) pour une meilleure prise en charge m\u00e9dicale.<\/p>\n<p>\u00ab Des fournitures scolaires (ont \u00e9t\u00e9 offertes) pour soulager les familles mais aussi maintenir les enfants \u00e0 l&rsquo;\u00e9cole dans le Sud-est o\u00f9 beaucoup abandonnent les classes \u00bb, a-t-il indiqu\u00e9.<\/p>\n<p>Il a ajout\u00e9 que d&rsquo;anciens boursiers s\u00e9n\u00e9galais du programme Mashav ont \u00e9galement re\u00e7u des financements pour la relance de leurs petites et moyennes entreprises impact\u00e9es par le Covid-19.<\/p>\n<p>Cet article <a rel=\"nofollow\" href=\"https:\/\/www.journalducameroun.com\/senegal-israel-la-cooperation-humanitaire-renforcee-diplomate\/\">S\u00e9n\u00e9gal\/Isra\u00ebl: la coop\u00e9ration humanitaire renforc\u00e9e (diplomate)<\/a> est apparu en premier sur <a rel=\"nofollow\" href=\"https:\/\/www.journalducameroun.com\/\">Journal du Cameroun<\/a>.<\/p>\n<\/div>\n<p>Auteur: APA News<br \/>\n<a href=\"https:\/\/www.journalducameroun.com\/senegal-israel-la-cooperation-humanitaire-renforcee-diplomate\/\">Cliquez ici pour lire l&rsquo;article depuis sa source.<\/a><\/p>\n","protected":false},"excerpt":{"rendered":"<p>L&rsquo;ambassadeur d&rsquo;Isra\u00ebl au S\u00e9n\u00e9gal a salu\u00e9 le renforcement de la coop\u00e9ration humanitaire entre Dakar et l&rsquo;Etat h\u00e9breu.\u00ab Ces trois derni\u00e8res ann\u00e9es, la coop\u00e9ration isra\u00e9lo-s\u00e9n\u00e9galaise s&rsquo;est beaucoup renforc\u00e9e sur le plan humanitaire, le renforcement des capacit\u00e9s et la s\u00e9curit\u00e9. Nous avons d\u00e9ploy\u00e9 nos ailes un peu partout au S\u00e9n\u00e9gal \u00bb, a dit l&rsquo;ambassadeur Ro\u00ef Rosenblit, insistant [&hellip;]<\/p>\n","protected":false},"author":1965,"featured_media":0,"comment_status":"closed","ping_status":"closed","sticky":false,"template":"","format":"standard","meta":{"fifu_image_url":"https:\/\/www.journalducameroun.com\/wp-content\/uploads\/2021\/07\/16257610838878.jpg","fifu_image_alt":"S\u00e9n\u00e9gal\/Isra\u00ebl: la coop\u00e9ration humanitaire renforc\u00e9e (diplomate)","footnotes":""},"categories":[73,82],"tags":[],"class_list":["post-120871","post","type-post","status-publish","format-standard","hentry","category-actualite","category-cameroun"],"_links":{"self":[{"href":"https:\/\/linitiative.ca\/International\/wp-json\/wp\/v2\/posts\/120871","targetHints":{"allow":["GET"]}}],"collection":[{"href":"https:\/\/linitiative.ca\/International\/wp-json\/wp\/v2\/posts"}],"about":[{"href":"https:\/\/linitiative.ca\/International\/wp-json\/wp\/v2\/types\/post"}],"author":[{"embeddable":true,"href":"https:\/\/linitiative.ca\/International\/wp-json\/wp\/v2\/users\/1965"}],"replies":[{"embeddable":true,"href":"https:\/\/linitiative.ca\/International\/wp-json\/wp\/v2\/comments?post=120871"}],"version-history":[{"count":0,"href":"https:\/\/linitiative.ca\/International\/wp-json\/wp\/v2\/posts\/120871\/revisions"}],"wp:attachment":[{"href":"https:\/\/linitiative.ca\/International\/wp-json\/wp\/v2\/media?parent=120871"}],"wp:term":[{"taxonomy":"category","embeddable":true,"href":"https:\/\/linitiative.ca\/International\/wp-json\/wp\/v2\/categories?post=120871"},{"taxonomy":"post_tag","embeddable":true,"href":"https:\/\/linitiative.ca\/International\/wp-json\/wp\/v2\/tags?post=120871"}],"curies":[{"name":"wp","href":"https:\/\/api.w.org\/{rel}","templated":true}]}}