{"id":120873,"date":"2021-07-08T14:18:02","date_gmt":"2021-07-08T18:18:02","guid":{"rendered":"https:\/\/linitiative.ca\/International\/le-maroc-elu-a-la-vice-presidence-de-lunion-internationale-des-chemins-de-fer\/"},"modified":"2021-07-08T14:18:02","modified_gmt":"2021-07-08T18:18:02","slug":"le-maroc-elu-a-la-vice-presidence-de-lunion-internationale-des-chemins-de-fer","status":"publish","type":"post","link":"https:\/\/linitiative.ca\/International\/le-maroc-elu-a-la-vice-presidence-de-lunion-internationale-des-chemins-de-fer\/","title":{"rendered":"Le Maroc \u00e9lu \u00e0 la vice-pr\u00e9sidence de l\u2019Union internationale des chemins de fer"},"content":{"rendered":"<div>\n<p><img loading=\"lazy\" decoding=\"async\" width=\"920\" height=\"490\" src=\"https:\/\/linitiative.ca\/International\/wp-content\/uploads\/sites\/23\/2021\/07\/16257682821694.jpg\" class=\"attachment-post-thumbnail size-post-thumbnail wp-post-image\" alt=\"\" srcset=\"https:\/\/linitiative.ca\/International\/wp-content\/uploads\/sites\/23\/2021\/07\/16257682821694.jpg 920w, https:\/\/www.journalducameroun.com\/wp-content\/uploads\/2021\/07\/16257682821694-300x160.jpg 300w, https:\/\/www.journalducameroun.com\/wp-content\/uploads\/2021\/07\/16257682821694-768x409.jpg 768w, https:\/\/www.journalducameroun.com\/wp-content\/uploads\/2021\/07\/16257682821694-826x440.jpg 826w, https:\/\/www.journalducameroun.com\/wp-content\/uploads\/2021\/07\/16257682821694-600x320.jpg 600w\" sizes=\"auto, (max-width: 920px) 100vw, 920px\"><\/p>\n<p>Le Maroc a \u00e9t\u00e9 \u00e9lu jeudi, en la personne du Directeur g\u00e9n\u00e9ral de l&rsquo;Office national des chemins de fer (ONCF), Mohamed Rabie Khlie, \u00e0 la vice-pr\u00e9sidence de l&rsquo;Union internationale des chemins de fer (UIC) et ce, en plus de sa pr\u00e9sidence de l&rsquo;UIC \u2013 R\u00e9gion Afrique, a annonc\u00e9 un communiqu\u00e9 de l&rsquo;ONCF.Cette \u00e9lection, pour un mandat allant jusqu&rsquo;\u00e0 fin 2023, est intervenue lors de la 98\u00e8me Assembl\u00e9e g\u00e9n\u00e9rale de l&rsquo;UIC, tenue \u00e0 distance. Elle constitue une \u00ab\u00a0reconnaissance du renouveau du secteur ferroviaire marocain et de son leadership arabo-africain\u00a0\u00bb, indique l&rsquo;Office.<\/p>\n<p>L&rsquo;\u00e9lection \u00e0 l&rsquo;unanimit\u00e9 du Royaume, lors de cette rencontre statutaire r\u00e9unissant plus de 180 hauts responsables de r\u00e9seaux ferr\u00e9s \u00e0 travers le monde, au niveau de l&rsquo;instance supr\u00eame de gouvernance de cet organisme international, repr\u00e9sente une premi\u00e8re au niveau arabo-africain.<\/p>\n<p>Elle intervient au regard du leadership du Maroc dans ce secteur, mat\u00e9rialis\u00e9 par son engagement et sa mobilisation permanents et intenses au service de la mobilit\u00e9 durable, ajoute-t-on de m\u00eame source.<\/p>\n<p>L&rsquo;ONCF cite \u00e0 ce titre le tournant majeur du secteur ferroviaire national, \u00ab\u00a0ayant marqu\u00e9 un r\u00e9el renouveau gr\u00e2ce aux projets structurants r\u00e9alis\u00e9s dans le cadre de la politique des grands chantiers insuffl\u00e9e par le Souverain\u00a0\u00bb.<\/p>\n<p>Ces projets se sont notamment traduits par un saut qualitatif remarquable de la mobilit\u00e9 des voyageurs et marchandises, ainsi que par un repositionnement privil\u00e9gi\u00e9 international et continental en termes de comp\u00e9titivit\u00e9 et de qualit\u00e9 en tant que r\u00e9seau viable \u00e0 l&rsquo;image d&rsquo;un pays \u00e9mergent, souligne l&rsquo;ONCF.<\/p>\n<p>Autres facteurs ayant conduit \u00e0 cette reconnaissance mondiale in\u00e9dite \u00e9tant les efforts consentis par le pays, en assurant depuis 2010 la pr\u00e9sidence de la R\u00e9gion Afrique de cet organisme et qui ont conduit \u00e0 faire f\u00e9d\u00e9rer les r\u00e9seaux africains autour d&rsquo;un projet commun, soutenu par des actions structurantes et novatrices, rel\u00e8ve l&rsquo;Office, notant que le bilan est en effet \u00e9loquent : elles ont permis de gagner en termes de notori\u00e9t\u00e9, de reconnaissance, d&rsquo;implication dans les grands projets r\u00e9gionaux et continentaux ainsi d&rsquo;un positionnement privil\u00e9gi\u00e9 aupr\u00e8s des institutions gouvernementales et r\u00e9gionales concern\u00e9es (Union Africaine, NEPAD, Communaut\u00e9s \u00e9conomiques r\u00e9gionales, bailleurs de fonds).<\/p>\n<p>Cette place de l&rsquo;ONCF dans les instances ferroviaires internationales et r\u00e9gionales \u00ab\u00a0est en droite ligne avec la politique trac\u00e9e par Sa Majest\u00e9 le Roi Mohammed VI, en mati\u00e8re de rayonnement de notre pays dans l&rsquo;\u00e9chiquier mondial et de renforcement de la coop\u00e9ration Sud-Sud qui constitue l&rsquo;un des leviers de taille arr\u00eat\u00e9 dans le cadre du Nouveau Mod\u00e8le de D\u00e9veloppement de notre pays\u00a0\u00bb, selon le communiqu\u00e9.<\/p>\n<p>Compos\u00e9e de plus de 200 membres regroupant l&rsquo;ensemble des op\u00e9rateurs et exploitants ferroviaires \u00e0 travers le monde, l&rsquo;UIC constitue l&rsquo;unique organe de production, de standardisation, d&rsquo;unification des r\u00e9f\u00e9rentiels, de d\u00e9finition des normes techniques et d&rsquo;exploitation optimale et s\u00e9curitaire du syst\u00e8me ferroviaire, ainsi que de recherche et d\u00e9veloppement y aff\u00e9rent, conclut la source.<\/p>\n<p>Cet article <a rel=\"nofollow\" href=\"https:\/\/www.journalducameroun.com\/le-maroc-elu-a-la-vice-presidence-de-lunion-internationale-des-chemins-de-fer\/\">Le Maroc \u00e9lu \u00e0 la vice-pr\u00e9sidence de l\u2019Union internationale des chemins de fer<\/a> est apparu en premier sur <a rel=\"nofollow\" href=\"https:\/\/www.journalducameroun.com\/\">Journal du Cameroun<\/a>.<\/p>\n<\/div>\n<p>Auteur: APA News<br \/>\n<a href=\"https:\/\/www.journalducameroun.com\/le-maroc-elu-a-la-vice-presidence-de-lunion-internationale-des-chemins-de-fer\/\">Cliquez ici pour lire l&rsquo;article depuis sa source.<\/a><\/p>\n","protected":false},"excerpt":{"rendered":"<p>Le Maroc a \u00e9t\u00e9 \u00e9lu jeudi, en la personne du Directeur g\u00e9n\u00e9ral de l&rsquo;Office national des chemins de fer (ONCF), Mohamed Rabie Khlie, \u00e0 la vice-pr\u00e9sidence de l&rsquo;Union internationale des chemins de fer (UIC) et ce, en plus de sa pr\u00e9sidence de l&rsquo;UIC \u2013 R\u00e9gion Afrique, a annonc\u00e9 un communiqu\u00e9 de l&rsquo;ONCF.Cette \u00e9lection, pour un [&hellip;]<\/p>\n","protected":false},"author":1965,"featured_media":0,"comment_status":"closed","ping_status":"closed","sticky":false,"template":"","format":"standard","meta":{"fifu_image_url":"https:\/\/www.journalducameroun.com\/wp-content\/uploads\/2021\/07\/16257682821694.jpg","fifu_image_alt":"Le Maroc \u00e9lu \u00e0 la vice-pr\u00e9sidence de l\u2019Union internationale des chemins de fer","footnotes":""},"categories":[73,82],"tags":[],"class_list":["post-120873","post","type-post","status-publish","format-standard","hentry","category-actualite","category-cameroun"],"_links":{"self":[{"href":"https:\/\/linitiative.ca\/International\/wp-json\/wp\/v2\/posts\/120873","targetHints":{"allow":["GET"]}}],"collection":[{"href":"https:\/\/linitiative.ca\/International\/wp-json\/wp\/v2\/posts"}],"about":[{"href":"https:\/\/linitiative.ca\/International\/wp-json\/wp\/v2\/types\/post"}],"author":[{"embeddable":true,"href":"https:\/\/linitiative.ca\/International\/wp-json\/wp\/v2\/users\/1965"}],"replies":[{"embeddable":true,"href":"https:\/\/linitiative.ca\/International\/wp-json\/wp\/v2\/comments?post=120873"}],"version-history":[{"count":0,"href":"https:\/\/linitiative.ca\/International\/wp-json\/wp\/v2\/posts\/120873\/revisions"}],"wp:attachment":[{"href":"https:\/\/linitiative.ca\/International\/wp-json\/wp\/v2\/media?parent=120873"}],"wp:term":[{"taxonomy":"category","embeddable":true,"href":"https:\/\/linitiative.ca\/International\/wp-json\/wp\/v2\/categories?post=120873"},{"taxonomy":"post_tag","embeddable":true,"href":"https:\/\/linitiative.ca\/International\/wp-json\/wp\/v2\/tags?post=120873"}],"curies":[{"name":"wp","href":"https:\/\/api.w.org\/{rel}","templated":true}]}}