{"id":120875,"date":"2021-07-08T08:40:28","date_gmt":"2021-07-08T12:40:28","guid":{"rendered":"https:\/\/linitiative.ca\/International\/avec-5-311-conteneurs-manutentionnes-en-juin-kct-realise-sa-plus-forte-performance-en-2021\/"},"modified":"2021-07-08T08:40:28","modified_gmt":"2021-07-08T12:40:28","slug":"avec-5-311-conteneurs-manutentionnes-en-juin-kct-realise-sa-plus-forte-performance-en-2021","status":"publish","type":"post","link":"https:\/\/linitiative.ca\/International\/avec-5-311-conteneurs-manutentionnes-en-juin-kct-realise-sa-plus-forte-performance-en-2021\/","title":{"rendered":"Avec 5 311 conteneurs manutentionn\u00e9s en juin, KCT r\u00e9alise sa plus forte performance en 2021"},"content":{"rendered":"<div>\n<p>Kribi Conteneurs Terminal (KCT) a manutentionn\u00e9 4 135 Teus en Import et 1 176 Teus en Export. Soit 5\u00a0311 Teus manutentionn\u00e9s au cours du mois de juin. Cette performance est un record, se r\u00e9jouit la filiale du groupe\u00a0 Bollor\u00e9 dans un document parcouru par EcoMatin.<\/p>\n<p>Depuis le d\u00e9but de cette ann\u00e9e, le concessionnaire du terminal \u00e0 conteneurs du Port de Kribi a manutentionn\u00e9 21.118 Teus en Import et 4 429 Teus en Export. Le taux de progression par rapport \u00e0 2020 pour la m\u00eame p\u00e9riode (Janvier \u2013 Juin) est de l\u2019ordre de 195,48% \u00e0 l\u2019Import et 15,04% \u00e0 l\u2019Export.<\/p>\n<p>\u00ab\u00a0Cette performance a \u00e9t\u00e9 r\u00e9alis\u00e9e \u00e0 la suite des acquisitions r\u00e9centes de nouveaux engins de manutention qui viennent ainsi booster significativement les capacit\u00e9s op\u00e9rationnelles du TAC\u00a0\u00bb, justifie l\u2019entreprise dirig\u00e9e par Eric LAVENU.<\/p>\n<p>Dot\u00e9 d\u2019un quai de 350 m\u00e8tres et d\u2019une profondeur de 16 m\u00e8tres, le terminal \u00e0 conteneurs de KRIBI peut accueillir des navires d\u2019une capacit\u00e9 de 8000 EVP et entend devenir un port de r\u00e9f\u00e9rence pour toute la sous-r\u00e9gion Afrique centrale.<br \/>En 2020, KCT a manutentionn\u00e9 239.871 EVP (conteneurs Equivlent Vingt Pieds). Une performance en hausse de 56,27% par rapport\u00a0 \u00e0 l\u2019ann\u00e9e 2019, au cours de laquelle seulement 153\u00a0491 EVP avaient \u00e9t\u00e9 manutentionn\u00e9s.<\/p>\n<p>L\u2019article <a rel=\"nofollow\" href=\"https:\/\/ecomatin.net\/avec-5-311-conteneurs-manutentionnes-en-juin-kct-realise-sa-plus-forte-performance-en-2021\/\">Avec 5 311 conteneurs manutentionn\u00e9s en juin, KCT r\u00e9alise sa plus forte performance en 2021<\/a> est apparu en premier sur <a rel=\"nofollow\" href=\"https:\/\/ecomatin.net\/\">EcoMatin<\/a>.<\/p>\n<\/div>\n<p>Auteur: Franck KUN<br \/>\n<a href=\"https:\/\/ecomatin.net\/avec-5-311-conteneurs-manutentionnes-en-juin-kct-realise-sa-plus-forte-performance-en-2021\/\">Cliquez ici pour lire l&rsquo;article depuis sa source.<\/a><\/p>\n","protected":false},"excerpt":{"rendered":"<p>Kribi Conteneurs Terminal (KCT) a manutentionn\u00e9 4 135 Teus en Import et 1 176 Teus en Export. Soit 5\u00a0311 Teus manutentionn\u00e9s au cours du mois de juin. Cette performance est un record, se r\u00e9jouit la filiale du groupe\u00a0 Bollor\u00e9 dans un document parcouru par EcoMatin. Depuis le d\u00e9but de cette ann\u00e9e, le concessionnaire du terminal [&hellip;]<\/p>\n","protected":false},"author":1969,"featured_media":0,"comment_status":"closed","ping_status":"closed","sticky":false,"template":"","format":"standard","meta":{"fifu_image_url":"","fifu_image_alt":"","footnotes":""},"categories":[82,78],"tags":[],"class_list":["post-120875","post","type-post","status-publish","format-standard","hentry","category-cameroun","category-economie"],"_links":{"self":[{"href":"https:\/\/linitiative.ca\/International\/wp-json\/wp\/v2\/posts\/120875","targetHints":{"allow":["GET"]}}],"collection":[{"href":"https:\/\/linitiative.ca\/International\/wp-json\/wp\/v2\/posts"}],"about":[{"href":"https:\/\/linitiative.ca\/International\/wp-json\/wp\/v2\/types\/post"}],"author":[{"embeddable":true,"href":"https:\/\/linitiative.ca\/International\/wp-json\/wp\/v2\/users\/1969"}],"replies":[{"embeddable":true,"href":"https:\/\/linitiative.ca\/International\/wp-json\/wp\/v2\/comments?post=120875"}],"version-history":[{"count":0,"href":"https:\/\/linitiative.ca\/International\/wp-json\/wp\/v2\/posts\/120875\/revisions"}],"wp:attachment":[{"href":"https:\/\/linitiative.ca\/International\/wp-json\/wp\/v2\/media?parent=120875"}],"wp:term":[{"taxonomy":"category","embeddable":true,"href":"https:\/\/linitiative.ca\/International\/wp-json\/wp\/v2\/categories?post=120875"},{"taxonomy":"post_tag","embeddable":true,"href":"https:\/\/linitiative.ca\/International\/wp-json\/wp\/v2\/tags?post=120875"}],"curies":[{"name":"wp","href":"https:\/\/api.w.org\/{rel}","templated":true}]}}