{"id":120879,"date":"2021-07-08T10:37:43","date_gmt":"2021-07-08T14:37:43","guid":{"rendered":"https:\/\/linitiative.ca\/International\/metallurgie-une-nouvelle-unite-de-transformation-annoncee-dans-la-ville-dedea\/"},"modified":"2021-07-08T10:37:43","modified_gmt":"2021-07-08T14:37:43","slug":"metallurgie-une-nouvelle-unite-de-transformation-annoncee-dans-la-ville-dedea","status":"publish","type":"post","link":"https:\/\/linitiative.ca\/International\/metallurgie-une-nouvelle-unite-de-transformation-annoncee-dans-la-ville-dedea\/","title":{"rendered":"M\u00e9tallurgie : une nouvelle unit\u00e9 de transformation annonc\u00e9e dans la ville d\u2019Ed\u00e9a"},"content":{"rendered":"<div>\n<p>\u00abLa Camerounaise du M\u00e9tal\u00bb sera implant\u00e9e sur le site de l\u2019ex-Cellulose du Cameroun (Cellucam), grand de 37 hectares. Elle rejoint la trentaine d\u2019entreprises exer\u00e7ant dans ce secteur: Metalucam, Aci\u00e9ries du Cameroun Cometal, Socalu (Soci\u00e9t\u00e9 camerounaise d\u2019aluminium), Aluminium du Cameroun (Alucam), Soci\u00e9t\u00e9 camerounaise de m\u00e9tallurgie (Scdm), Alubassa, Socafer S.A, Socatral (Soci\u00e9t\u00e9 camerounaise de transformation de l\u2019aluminium), Camtis, Prometal etc\u2026.Avec l\u2019entr\u00e9e en sc\u00e8ne annonc\u00e9e de cette entreprise, la localit\u00e9 d\u2019Ed\u00e9a comptera d\u00e9sormais deux entreprises sp\u00e9cialis\u00e9es dans le secteur de la m\u00e9tallurgie et la transformation du fer, apr\u00e8s Alucam-Socatral. La c\u00e9r\u00e9monie officielle de de prise de site s\u2019est d\u00e9roul\u00e9e sous la pr\u00e9sidence du Pr\u00e9fet de la Sanaga maritime, Cyrille Ivan Abondo, en pr\u00e9sence de nombreuses autorit\u00e9s dont, Albert Nlend, le Maire de la ville d\u2019Ed\u00e9a, qui s\u2019est r\u00e9joui de l\u2019installation de cette unit\u00e9 m\u00e9tallurgique: \u00abLa Camerounaise du M\u00e9tal va contribuer de mani\u00e8re significative au recul du ch\u00f4mage et de la pauvret\u00e9 dans la ville d\u2019Ed\u00e9a\u00bb, a-t-il indiqu\u00e9.\u00a0<\/p>\n<p>Pour Cyrille Ivan Abondo, cette initiative permettra au site de l\u2019ex-Cellucam d\u2019entamer sa mue: \u00abLa Camerounaise du M\u00e9tal vient donner une nouvelle vie \u00e0 ce site abandonn\u00e9 depuis des lustres\u00bb, s\u2019est prononc\u00e9 le Pr\u00e9fet de la Sanaga maritime. C\u2019est en effet depuis plus de 30 ans que les installations de la Cellucam ont \u00e9t\u00e9 abandonn\u00e9es apr\u00e8s sa fermeture. L\u2019espoir d\u2019une reprise de site a d\u00e9but\u00e9 le 12 mai 2020 apr\u00e8s la signature entre l\u2019Etat du Cameroun et la Soci\u00e9t\u00e9 camerounaise d\u2019industrialisation et d\u2019exploitation de bois (Scieb), d\u2019un m\u00e9morandum d\u2019entente pour la construction d\u2019un technopole industriel de transformation du bois, un centre de formation aux m\u00e9tiers du bois, une zone de recherche et de d\u00e9veloppement, des structures commerciales et d\u2019accompagnement des entreprises, petites et moyennes entreprises nationale du secteur bois, une unit\u00e9 de production de bio\u00e9nergie \u00e0 base de rebuts de production de l\u2019usine, et une usine de production de p\u00e2te \u00e0 papier. Co\u00fbt du projet 80 milliards de FCFA, de 2020 \u00e0 2027.<\/p>\n<p>La prise de site de ce 8 juillet marque ainsi l\u2019aboutissement de pourparlers et n\u00e9gociations entre le Minist\u00e8re de l\u2019industrie, des mines et du d\u00e9veloppement technologique (Minmidt) et les responsables de la soci\u00e9t\u00e9 \u00abLa Camerounaise du M\u00e9tal\u00bb. Le site de l\u2019ex-Cellucam devra par cons\u00e9quent conna\u00eetre, dans les prochains jours, d\u2019importants am\u00e9nagements. La mise en service de \u00abLa Camerounaise du M\u00e9tal\u00bb viendra incontestablement r\u00e9duire les importations des mat\u00e9riaux de construction \u00e0 base de fer et accro\u00eetre la production locale en transformation de ce m\u00e9tal. Un secteur confront\u00e9, toutefois, \u00e0 une surcapacit\u00e9 de production, et par l\u2019\u00e9troitesse du march\u00e9 local et sous-r\u00e9gional.<\/p>\n<p>L\u2019article <a rel=\"nofollow\" href=\"https:\/\/ecomatin.net\/metallurgie-une-nouvelle-unite-de-transformation-annoncee-dans-la-ville-dedea\/\">M\u00e9tallurgie : une nouvelle unit\u00e9 de transformation annonc\u00e9e dans la ville d\u2019Ed\u00e9a<\/a> est apparu en premier sur <a rel=\"nofollow\" href=\"https:\/\/ecomatin.net\/\">EcoMatin<\/a>.<\/p>\n<\/div>\n<p>Auteur: Georges Semey<br \/>\n<a href=\"https:\/\/ecomatin.net\/metallurgie-une-nouvelle-unite-de-transformation-annoncee-dans-la-ville-dedea\/\">Cliquez ici pour lire l&rsquo;article depuis sa source.<\/a><\/p>\n","protected":false},"excerpt":{"rendered":"<p>\u00abLa Camerounaise du M\u00e9tal\u00bb sera implant\u00e9e sur le site de l\u2019ex-Cellulose du Cameroun (Cellucam), grand de 37 hectares. Elle rejoint la trentaine d\u2019entreprises exer\u00e7ant dans ce secteur: Metalucam, Aci\u00e9ries du Cameroun Cometal, Socalu (Soci\u00e9t\u00e9 camerounaise d\u2019aluminium), Aluminium du Cameroun (Alucam), Soci\u00e9t\u00e9 camerounaise de m\u00e9tallurgie (Scdm), Alubassa, Socafer S.A, Socatral (Soci\u00e9t\u00e9 camerounaise de transformation de l\u2019aluminium), [&hellip;]<\/p>\n","protected":false},"author":1969,"featured_media":0,"comment_status":"closed","ping_status":"closed","sticky":false,"template":"","format":"standard","meta":{"fifu_image_url":"","fifu_image_alt":"","footnotes":""},"categories":[82,78],"tags":[],"class_list":["post-120879","post","type-post","status-publish","format-standard","hentry","category-cameroun","category-economie"],"_links":{"self":[{"href":"https:\/\/linitiative.ca\/International\/wp-json\/wp\/v2\/posts\/120879","targetHints":{"allow":["GET"]}}],"collection":[{"href":"https:\/\/linitiative.ca\/International\/wp-json\/wp\/v2\/posts"}],"about":[{"href":"https:\/\/linitiative.ca\/International\/wp-json\/wp\/v2\/types\/post"}],"author":[{"embeddable":true,"href":"https:\/\/linitiative.ca\/International\/wp-json\/wp\/v2\/users\/1969"}],"replies":[{"embeddable":true,"href":"https:\/\/linitiative.ca\/International\/wp-json\/wp\/v2\/comments?post=120879"}],"version-history":[{"count":0,"href":"https:\/\/linitiative.ca\/International\/wp-json\/wp\/v2\/posts\/120879\/revisions"}],"wp:attachment":[{"href":"https:\/\/linitiative.ca\/International\/wp-json\/wp\/v2\/media?parent=120879"}],"wp:term":[{"taxonomy":"category","embeddable":true,"href":"https:\/\/linitiative.ca\/International\/wp-json\/wp\/v2\/categories?post=120879"},{"taxonomy":"post_tag","embeddable":true,"href":"https:\/\/linitiative.ca\/International\/wp-json\/wp\/v2\/tags?post=120879"}],"curies":[{"name":"wp","href":"https:\/\/api.w.org\/{rel}","templated":true}]}}