{"id":120881,"date":"2021-07-09T10:00:38","date_gmt":"2021-07-09T14:00:38","guid":{"rendered":"https:\/\/linitiative.ca\/International\/cnss-lindemnite-forfaitaire-covid-prolongee-pour-plusieurs-secteurs\/"},"modified":"2021-07-09T10:00:38","modified_gmt":"2021-07-09T14:00:38","slug":"cnss-lindemnite-forfaitaire-covid-prolongee-pour-plusieurs-secteurs","status":"publish","type":"post","link":"https:\/\/linitiative.ca\/International\/cnss-lindemnite-forfaitaire-covid-prolongee-pour-plusieurs-secteurs\/","title":{"rendered":"CNSS : L\u2019indemnit\u00e9 forfaitaire Covid prolong\u00e9e pour plusieurs secteurs"},"content":{"rendered":"<div>\n<p><img decoding=\"async\" width=\"300\" height=\"153\" src=\"https:\/\/linitiative.ca\/International\/wp-content\/uploads\/sites\/23\/2021\/07\/polyclinique-Ziraoui-de-la-Caisse-nationale-de-seCC81curiteCC81-sociale-CNSS-300x153-1.jpg\" class=\"attachment-medium size-medium wp-post-image\" alt=\"\" loading=\"lazy\" srcset=\"\/\/aujourdhui.ma\/wp-content\/uploads\/2021\/02\/polyclinique-Ziraoui-de-la-Caisse-nationale-de-se\u0301curite\u0301-sociale-CNSS-300x153.jpg 300w, \/\/aujourdhui.ma\/wp-content\/uploads\/2021\/02\/polyclinique-Ziraoui-de-la-Caisse-nationale-de-se\u0301curite\u0301-sociale-CNSS-274x140.jpg 274w, \/\/aujourdhui.ma\/wp-content\/uploads\/2021\/02\/polyclinique-Ziraoui-de-la-Caisse-nationale-de-se\u0301curite\u0301-sociale-CNSS.jpg 746w, \/\/aujourdhui.ma\/wp-content\/uploads\/2021\/02\/polyclinique-Ziraoui-de-la-Caisse-nationale-de-se\u0301curite\u0301-sociale-CNSS-165x84.jpg 165w, \/\/aujourdhui.ma\/wp-content\/uploads\/2021\/02\/polyclinique-Ziraoui-de-la-Caisse-nationale-de-se\u0301curite\u0301-sociale-CNSS-702x358.jpg 702w\" sizes=\"auto, (max-width: 300px) 100vw, 300px\"><\/p>\n<p><span style=\"color: #800000;\"><strong>Les d\u00e9clarations de juin ouvertes du 8 juillet jusqu\u2019au 3 ao\u00fbt 2021<\/strong><\/span><span id=\"more-381256\"><\/span><\/p>\n<p>La Caisse nationale de s\u00e9curit\u00e9 sociale ( CNSS) vient de proc\u00e9der \u00e0 l\u2019ouverture des d\u00e9clarations pour le mois de juin aux secteurs concern\u00e9s par l\u2019indemnit\u00e9 forfaitaire. Ainsi, la CNSS porte \u00e0 la connaissance des propri\u00e9taire des cr\u00e8ches priv\u00e9es, les exploitants des salles de sport priv\u00e9es, les op\u00e9rateurs du secteur des industries culturelles et cr\u00e9atives, ainsi que les op\u00e9rateurs du secteur du tourisme (agences de voyages agr\u00e9\u00e9es, transporteurs touristiques agr\u00e9\u00e9s, \u00e9tablissements d\u2019h\u00e9bergement class\u00e9s, soci\u00e9t\u00e9s d\u2019int\u00e9rim ayant un contrat avec les op\u00e9rateurs des sous-secteurs li\u00e9s au tourisme et guides touristiques d\u00e9clar\u00e9s \u00e0 la CNSS) que l\u2019indemnit\u00e9 forfaitaire qui, rappelons-le, est financ\u00e9e par le Fonds sp\u00e9cial de gestion de la pand\u00e9mie de Covid-19, a \u00e9t\u00e9 prorog\u00e9e au 30 juin 2021. Les acteurs des secteurs pr\u00e9cit\u00e9s, qui souhaitent que leurs travailleurs b\u00e9n\u00e9ficient de l\u2019indemnit\u00e9 forfaitaire pour le mois de juin 2021, doivent les d\u00e9clarer via le portail covid19.cnss.ma \u00e0 partir du jeudi 8 juillet jusqu\u2019au 3 ao\u00fbt 2021.<\/p>\n<p>Les personnes d\u00e9clar\u00e9es sur le portail avant le 11 juillet 2021 percevront l\u2019indemnit\u00e9 forfaitaire \u00e0 partir du 15 juillet 2021. En revanche, les employ\u00e9s d\u00e9clar\u00e9s apr\u00e8s cette date recevront l\u2019indemnit\u00e9 forfaitaire \u00e0 partir du 10 ao\u00fbt 2021. La CNSS invite les affili\u00e9s concern\u00e9s \u00e0 proc\u00e9der \u00e0 la d\u00e9claration de leur personnel avant le dimanche 11 juillet sur le portail susmentionn\u00e9, op\u00e9rationnel 7 jours sur 7 et 24 heures sur 24, et ce afin de permettre \u00e0 leurs employ\u00e9s de b\u00e9n\u00e9ficier du paiement de l\u2019indemnit\u00e9 \u00e0 partir du 15 juillet. La Caisse pr\u00e9cise que pour tout compl\u00e9ment d\u2019information, il faut contacter le centre \u00abAllo Damane\u00bb au: 08 02 03 33 33 \/ 08 0200 72 00.<\/p>\n<p>Rappelons qu\u2019afin de b\u00e9n\u00e9ficier des mesures d\u2019aide exceptionnelles, les op\u00e9rateurs qui se trouvent en difficult\u00e9 suite \u00e0 la pand\u00e9mie du coronavirus au sens du d\u00e9cret-loi 2.20.605, doivent maintenir une partie de leurs salari\u00e9s et stagiaires d\u00e9clar\u00e9s \u00e0 la CNSS au titre du mois de f\u00e9vrier 2020 comme suit : 80% pour les \u00e9tablissements qui emploient moins de 10 personnes, 90% pour les \u00e9tablissements qui emploient entre 10 et 50 personnes, 95% pour les \u00e9tablissements qui emploient plus que 50 personnes. La CNSS a mis \u00e0 leur disposition le portail covid19.cnss.ma pour permettre \u00e0 leurs salari\u00e9s et stagiaires sous contrat d\u2019insertion de b\u00e9n\u00e9ficier de l\u2019indemnit\u00e9 forfaitaire et leur permettre de reporter le paiement des cotisations sociales.<\/p>\n<\/div>\n<p>Auteur: ALM<br \/>\n<a href=\"https:\/\/aujourdhui.ma\/societe\/cnss-lindemnite-forfaitaire-covid-prolongee-pour-plusieurs-secteurs-1\">Cliquez ici pour lire l&rsquo;article depuis sa source.<\/a><\/p>\n","protected":false},"excerpt":{"rendered":"<p>Les d\u00e9clarations de juin ouvertes du 8 juillet jusqu\u2019au 3 ao\u00fbt 2021 La Caisse nationale de s\u00e9curit\u00e9 sociale ( CNSS) vient de proc\u00e9der \u00e0 l\u2019ouverture des d\u00e9clarations pour le mois de juin aux secteurs concern\u00e9s par l\u2019indemnit\u00e9 forfaitaire. Ainsi, la CNSS porte \u00e0 la connaissance des propri\u00e9taire des cr\u00e8ches priv\u00e9es, les exploitants des salles de [&hellip;]<\/p>\n","protected":false},"author":1759,"featured_media":0,"comment_status":"closed","ping_status":"closed","sticky":false,"template":"","format":"standard","meta":{"fifu_image_url":"https:\/\/aujourdhui.ma\/wp-content\/uploads\/2021\/02\/polyclinique-Ziraoui-de-la-Caisse-nationale-de-se\u0301curite\u0301-sociale-CNSS-300x153.jpg","fifu_image_alt":"CNSS : L\u2019indemnit\u00e9 forfaitaire Covid prolong\u00e9e pour plusieurs secteurs","footnotes":""},"categories":[73,54],"tags":[],"class_list":["post-120881","post","type-post","status-publish","format-standard","hentry","category-actualite","category-maroc"],"_links":{"self":[{"href":"https:\/\/linitiative.ca\/International\/wp-json\/wp\/v2\/posts\/120881","targetHints":{"allow":["GET"]}}],"collection":[{"href":"https:\/\/linitiative.ca\/International\/wp-json\/wp\/v2\/posts"}],"about":[{"href":"https:\/\/linitiative.ca\/International\/wp-json\/wp\/v2\/types\/post"}],"author":[{"embeddable":true,"href":"https:\/\/linitiative.ca\/International\/wp-json\/wp\/v2\/users\/1759"}],"replies":[{"embeddable":true,"href":"https:\/\/linitiative.ca\/International\/wp-json\/wp\/v2\/comments?post=120881"}],"version-history":[{"count":0,"href":"https:\/\/linitiative.ca\/International\/wp-json\/wp\/v2\/posts\/120881\/revisions"}],"wp:attachment":[{"href":"https:\/\/linitiative.ca\/International\/wp-json\/wp\/v2\/media?parent=120881"}],"wp:term":[{"taxonomy":"category","embeddable":true,"href":"https:\/\/linitiative.ca\/International\/wp-json\/wp\/v2\/categories?post=120881"},{"taxonomy":"post_tag","embeddable":true,"href":"https:\/\/linitiative.ca\/International\/wp-json\/wp\/v2\/tags?post=120881"}],"curies":[{"name":"wp","href":"https:\/\/api.w.org\/{rel}","templated":true}]}}