{"id":120883,"date":"2021-07-09T10:22:31","date_gmt":"2021-07-09T14:22:31","guid":{"rendered":"https:\/\/linitiative.ca\/International\/declarations-cnss-au-tour-des-copistes-et-traducteurs-assermentes\/"},"modified":"2021-07-09T10:22:31","modified_gmt":"2021-07-09T14:22:31","slug":"declarations-cnss-au-tour-des-copistes-et-traducteurs-assermentes","status":"publish","type":"post","link":"https:\/\/linitiative.ca\/International\/declarations-cnss-au-tour-des-copistes-et-traducteurs-assermentes\/","title":{"rendered":"D\u00e9clarations CNSS:\u00a0Au tour des copistes et traducteurs asserment\u00e9s"},"content":{"rendered":"<div>\n<p><img decoding=\"async\" width=\"300\" height=\"153\" src=\"https:\/\/linitiative.ca\/International\/wp-content\/uploads\/sites\/23\/2021\/07\/CNSS-300x153-1.jpg\" class=\"attachment-medium size-medium wp-post-image\" alt=\"\" loading=\"lazy\" srcset=\"\/\/aujourdhui.ma\/wp-content\/uploads\/2018\/07\/CNSS-300x153.jpg 300w, \/\/aujourdhui.ma\/wp-content\/uploads\/2018\/07\/CNSS.jpg 746w\" sizes=\"auto, (max-width: 300px) 100vw, 300px\"><\/p>\n<p><span style=\"color: #800000;\"><strong>D\u00e9sormais, les copistes et traducteurs agr\u00e9\u00e9s pr\u00e8s des juridictions sont couverts par les r\u00e9gimes d\u2019AMO et retraite.<\/strong><\/span><span id=\"more-381300\"><\/span><\/p>\n<p>L\u2019annonce vient d\u2019\u00eatre faite par la CNSS qui pr\u00e9cise que cette mesure intervient \u00ab\u00a0en application des dispositions des lois 98.15 et 99.15 relatives \u00e0 la couverture m\u00e9dicale et sociale des travailleurs non salari\u00e9s\u00a0\u00bb. A cet effet, les copistes et traducteurs agr\u00e9\u00e9s pr\u00e8s des juridictions sont invit\u00e9s, avant le 1<sup>er<\/sup> ao\u00fbt, \u00e0 proc\u00e9der \u00e0 leur immatriculation et d\u00e9claration des membres de leurs familles, le cas \u00e9ch\u00e9ant, \u00e0 la CNSS \u00e0 travers son portail ou apr\u00e8s du r\u00e9seau d\u2019agences de la CNSS.<\/p>\n<\/div>\n<p>Auteur: ALM<br \/>\n<a href=\"https:\/\/aujourdhui.ma\/societe\/declarations-cnss-au-tour-des-copistes-et-traducteurs-assermentes\">Cliquez ici pour lire l&rsquo;article depuis sa source.<\/a><\/p>\n","protected":false},"excerpt":{"rendered":"<p>D\u00e9sormais, les copistes et traducteurs agr\u00e9\u00e9s pr\u00e8s des juridictions sont couverts par les r\u00e9gimes d\u2019AMO et retraite. L\u2019annonce vient d\u2019\u00eatre faite par la CNSS qui pr\u00e9cise que cette mesure intervient \u00ab\u00a0en application des dispositions des lois 98.15 et 99.15 relatives \u00e0 la couverture m\u00e9dicale et sociale des travailleurs non salari\u00e9s\u00a0\u00bb. A cet effet, les copistes [&hellip;]<\/p>\n","protected":false},"author":1759,"featured_media":0,"comment_status":"closed","ping_status":"closed","sticky":false,"template":"","format":"standard","meta":{"fifu_image_url":"https:\/\/aujourdhui.ma\/wp-content\/uploads\/2018\/07\/CNSS-300x153.jpg","fifu_image_alt":"D\u00e9clarations CNSS:\u00a0Au tour des copistes et traducteurs asserment\u00e9s","footnotes":""},"categories":[73,54],"tags":[],"class_list":["post-120883","post","type-post","status-publish","format-standard","hentry","category-actualite","category-maroc"],"_links":{"self":[{"href":"https:\/\/linitiative.ca\/International\/wp-json\/wp\/v2\/posts\/120883","targetHints":{"allow":["GET"]}}],"collection":[{"href":"https:\/\/linitiative.ca\/International\/wp-json\/wp\/v2\/posts"}],"about":[{"href":"https:\/\/linitiative.ca\/International\/wp-json\/wp\/v2\/types\/post"}],"author":[{"embeddable":true,"href":"https:\/\/linitiative.ca\/International\/wp-json\/wp\/v2\/users\/1759"}],"replies":[{"embeddable":true,"href":"https:\/\/linitiative.ca\/International\/wp-json\/wp\/v2\/comments?post=120883"}],"version-history":[{"count":0,"href":"https:\/\/linitiative.ca\/International\/wp-json\/wp\/v2\/posts\/120883\/revisions"}],"wp:attachment":[{"href":"https:\/\/linitiative.ca\/International\/wp-json\/wp\/v2\/media?parent=120883"}],"wp:term":[{"taxonomy":"category","embeddable":true,"href":"https:\/\/linitiative.ca\/International\/wp-json\/wp\/v2\/categories?post=120883"},{"taxonomy":"post_tag","embeddable":true,"href":"https:\/\/linitiative.ca\/International\/wp-json\/wp\/v2\/tags?post=120883"}],"curies":[{"name":"wp","href":"https:\/\/api.w.org\/{rel}","templated":true}]}}