{"id":120885,"date":"2021-07-09T10:40:59","date_gmt":"2021-07-09T14:40:59","guid":{"rendered":"https:\/\/linitiative.ca\/International\/agregation-agricole-diana-holding-poursuit-son-engagement\/"},"modified":"2021-07-09T10:40:59","modified_gmt":"2021-07-09T14:40:59","slug":"agregation-agricole-diana-holding-poursuit-son-engagement","status":"publish","type":"post","link":"https:\/\/linitiative.ca\/International\/agregation-agricole-diana-holding-poursuit-son-engagement\/","title":{"rendered":"Agr\u00e9gation agricole : Diana Holding poursuit son engagement"},"content":{"rendered":"<div>\n<p><img decoding=\"async\" width=\"300\" height=\"153\" src=\"https:\/\/linitiative.ca\/International\/wp-content\/uploads\/sites\/23\/2021\/07\/Side_of_the_audience_at_the_Diana_Holding_Group_Berkane_Conference_-_Photo_-_Diana_Holding_-300x153-1.jpg\" class=\"attachment-medium size-medium wp-post-image\" alt=\"\" loading=\"lazy\" srcset=\"\/\/aujourdhui.ma\/wp-content\/uploads\/2021\/07\/Side_of_the_audience_at_the_Diana_Holding_Group_Berkane_Conference_-_Photo_-_Diana_Holding_-300x153.jpg 300w, \/\/aujourdhui.ma\/wp-content\/uploads\/2021\/07\/Side_of_the_audience_at_the_Diana_Holding_Group_Berkane_Conference_-_Photo_-_Diana_Holding_-274x140.jpg 274w, \/\/aujourdhui.ma\/wp-content\/uploads\/2021\/07\/Side_of_the_audience_at_the_Diana_Holding_Group_Berkane_Conference_-_Photo_-_Diana_Holding_.jpg 746w, \/\/aujourdhui.ma\/wp-content\/uploads\/2021\/07\/Side_of_the_audience_at_the_Diana_Holding_Group_Berkane_Conference_-_Photo_-_Diana_Holding_-165x84.jpg 165w, \/\/aujourdhui.ma\/wp-content\/uploads\/2021\/07\/Side_of_the_audience_at_the_Diana_Holding_Group_Berkane_Conference_-_Photo_-_Diana_Holding_-702x358.jpg 702w\" sizes=\"auto, (max-width: 300px) 100vw, 300px\"><\/p>\n<p><span style=\"color: #800000;\"><strong>Le nouveau mod\u00e8le d\u2019agr\u00e9gation agricole au Maroc a \u00e9t\u00e9 au centre d\u2019une conf\u00e9rence qui s\u2019est d\u00e9roul\u00e9e le 8 juillet \u00e0 Berkane par les Domaines Zniber.<\/strong><\/span><span id=\"more-381302\"><\/span><\/p>\n<p>Grenier agricole et capitale des agrumes du Maroc Oriental, la ville de Berkane a donc abrit\u00e9 cet \u00e9v\u00e8nement qui s\u2019est focalis\u00e9 sur la fili\u00e8re des agrumes et ses perspectives de d\u00e9veloppement. Lors de cette rencontre, la Pr\u00e9sidente Directrice G\u00e9n\u00e9rale de Diana Holding, Rita Maria Zniber, a rendu hommage au \u00ab\u00a0leadership et \u00e0 la vision de SA MAJEST\u00c9 Le Roi Mohammed VI, qui ambitionne de faire du Maroc un champion agricole africain, qui r\u00e9ussit sa transformation et la partage \u00e0 travers les partenariats sud-sud \u00bb.<\/p>\n<p>A travers cette rencontre organis\u00e9e par sa filiale, Diana Holding vise \u00e0 contribuer \u00ab\u00a0au d\u00e9veloppement de la comp\u00e9titivit\u00e9 agricole des territoires et \u00e0 hisser la fili\u00e8re des agrumes au rang d\u2019acteur incontournable sur l\u2019\u00e9chiquier international, afin de mieux r\u00e9pondre aux demandes des march\u00e9s ext\u00e9rieurs et int\u00e9rieurs. De mani\u00e8re transversale, Diana Holding a r\u00e9it\u00e9r\u00e9 lors de cet \u00e9v\u00e8nement son engagement \u00e9conomique, social et environnemental pour la mont\u00e9e en puissance du secteur agricole, dont le groupe est un acteur de r\u00e9f\u00e9rence\u00a0\u00bb, indique un communiqu\u00e9 de presse du Groupe. Cette conf\u00e9rence \u00e9tait \u00e9galement l\u2019occasion pour les Domaines Zniber de pr\u00e9senter leur projet d\u2019agr\u00e9gation et de revenir sur le bilan et les perspectives du d\u00e9veloppement de la fili\u00e8re agrumicole.<\/p>\n<p>Par ailleurs, une visite a \u00e9t\u00e9 organis\u00e9e \u00e0 la station \u00ab\u00a0Berkane Packaging\u00a0\u00bb des Domaines Zniber. \u00ab\u00a0Cette station, \u00e9l\u00e9ment central d\u2019un large projet de complexe agro-industriel sp\u00e9cialis\u00e9 dans l\u2019entreposage frigorifique, la valorisation et la transformation de la production agrumicole r\u00e9gionale et nationale, est outill\u00e9e de technologies de pointe pour le conditionnement d\u2019agrumes, avec une capacit\u00e9 d\u2019exportation totale de 100.000 tonnes\u00a0\u00bb, souligne la m\u00eame source.<\/p>\n<p>\u00a0<\/p>\n<p>\u00a0<\/p>\n<\/div>\n<p>Auteur: ALM<br \/>\n<a href=\"https:\/\/aujourdhui.ma\/economie\/agregation-agricole-diana-holding-poursuit-son-engagement\">Cliquez ici pour lire l&rsquo;article depuis sa source.<\/a><\/p>\n","protected":false},"excerpt":{"rendered":"<p>Le nouveau mod\u00e8le d\u2019agr\u00e9gation agricole au Maroc a \u00e9t\u00e9 au centre d\u2019une conf\u00e9rence qui s\u2019est d\u00e9roul\u00e9e le 8 juillet \u00e0 Berkane par les Domaines Zniber. Grenier agricole et capitale des agrumes du Maroc Oriental, la ville de Berkane a donc abrit\u00e9 cet \u00e9v\u00e8nement qui s\u2019est focalis\u00e9 sur la fili\u00e8re des agrumes et ses perspectives de [&hellip;]<\/p>\n","protected":false},"author":1759,"featured_media":0,"comment_status":"closed","ping_status":"closed","sticky":false,"template":"","format":"standard","meta":{"fifu_image_url":"https:\/\/aujourdhui.ma\/wp-content\/uploads\/2021\/07\/Side_of_the_audience_at_the_Diana_Holding_Group_Berkane_Conference_-_Photo_-_Diana_Holding_-300x153.jpg","fifu_image_alt":"Agr\u00e9gation agricole : Diana Holding poursuit son engagement","footnotes":""},"categories":[73,54],"tags":[],"class_list":["post-120885","post","type-post","status-publish","format-standard","hentry","category-actualite","category-maroc"],"_links":{"self":[{"href":"https:\/\/linitiative.ca\/International\/wp-json\/wp\/v2\/posts\/120885","targetHints":{"allow":["GET"]}}],"collection":[{"href":"https:\/\/linitiative.ca\/International\/wp-json\/wp\/v2\/posts"}],"about":[{"href":"https:\/\/linitiative.ca\/International\/wp-json\/wp\/v2\/types\/post"}],"author":[{"embeddable":true,"href":"https:\/\/linitiative.ca\/International\/wp-json\/wp\/v2\/users\/1759"}],"replies":[{"embeddable":true,"href":"https:\/\/linitiative.ca\/International\/wp-json\/wp\/v2\/comments?post=120885"}],"version-history":[{"count":0,"href":"https:\/\/linitiative.ca\/International\/wp-json\/wp\/v2\/posts\/120885\/revisions"}],"wp:attachment":[{"href":"https:\/\/linitiative.ca\/International\/wp-json\/wp\/v2\/media?parent=120885"}],"wp:term":[{"taxonomy":"category","embeddable":true,"href":"https:\/\/linitiative.ca\/International\/wp-json\/wp\/v2\/categories?post=120885"},{"taxonomy":"post_tag","embeddable":true,"href":"https:\/\/linitiative.ca\/International\/wp-json\/wp\/v2\/tags?post=120885"}],"curies":[{"name":"wp","href":"https:\/\/api.w.org\/{rel}","templated":true}]}}