{"id":120887,"date":"2021-07-09T11:07:53","date_gmt":"2021-07-09T15:07:53","guid":{"rendered":"https:\/\/linitiative.ca\/International\/concours-des-produits-de-terroir-256-medailles-decernees-aux-participants-de-la-4-eme-edition\/"},"modified":"2021-07-09T11:07:53","modified_gmt":"2021-07-09T15:07:53","slug":"concours-des-produits-de-terroir-256-medailles-decernees-aux-participants-de-la-4-eme-edition","status":"publish","type":"post","link":"https:\/\/linitiative.ca\/International\/concours-des-produits-de-terroir-256-medailles-decernees-aux-participants-de-la-4-eme-edition\/","title":{"rendered":"Concours des produits de terroir\u00a0: 256 m\u00e9dailles d\u00e9cern\u00e9es aux participants de la 4 \u00e8me \u00e9dition \u00a0"},"content":{"rendered":"<div>\n<p><img decoding=\"async\" width=\"300\" height=\"153\" src=\"https:\/\/linitiative.ca\/International\/wp-content\/uploads\/sites\/23\/2021\/07\/256-medailles-decernees-aux-participants-de-la-4-eme-edition-c-300x153-1.jpg\" class=\"attachment-medium size-medium wp-post-image\" alt=\"\" loading=\"lazy\" srcset=\"\/\/aujourdhui.ma\/wp-content\/uploads\/2021\/07\/256-medailles-decernees-aux-participants-de-la-4-eme-edition-c-300x153.jpg 300w, \/\/aujourdhui.ma\/wp-content\/uploads\/2021\/07\/256-medailles-decernees-aux-participants-de-la-4-eme-edition-c-274x140.jpg 274w, \/\/aujourdhui.ma\/wp-content\/uploads\/2021\/07\/256-medailles-decernees-aux-participants-de-la-4-eme-edition-c.jpg 746w, \/\/aujourdhui.ma\/wp-content\/uploads\/2021\/07\/256-medailles-decernees-aux-participants-de-la-4-eme-edition-c-165x84.jpg 165w, \/\/aujourdhui.ma\/wp-content\/uploads\/2021\/07\/256-medailles-decernees-aux-participants-de-la-4-eme-edition-c-702x358.jpg 702w\" sizes=\"auto, (max-width: 300px) 100vw, 300px\"><\/p>\n<p><span style=\"color: #800000;\"><strong>L\u2019Agence pour le D\u00e9veloppement Agricole (ADA) a organis\u00e9 le 9 juillet \u00e0 Mekn\u00e8s la c\u00e9r\u00e9monie de remise des m\u00e9dailles de la quatri\u00e8me \u00e9dition du Concours Marocain des Produits du Terroir primant plusieurs coop\u00e9ratives et producteurs.<\/strong><\/span><span id=\"more-381305\"><\/span><\/p>\n<p>\u00ab\u00a0Pr\u00e9sid\u00e9e par<strong> le Secr\u00e9taire G\u00e9n\u00e9ral du D\u00e9partement de l\u2019Agriculture<\/strong>, cette c\u00e9r\u00e9monie t\u00e9moigne de l\u2019appui ind\u00e9fectible du Minist\u00e8re de l\u2019Agriculture aux groupements producteurs des produits du terroir. Elle vient aussi couronner les remarquables efforts d\u00e9ploy\u00e9s par les coop\u00e9ratives agricoles des produits du terroir en les valorisant aux yeux du grand public par des prix distinctifs\u00a0\u00bb, indiquent les organisateurs de cet \u00e9v\u00e9nement dans un communiqu\u00e9. Pas moins de 700 produits mis en comp\u00e9tition, repr\u00e9sentant toutes les r\u00e9gions du Royaume.<\/p>\n<p><a href=\"https:\/\/linitiative.ca\/International\/wp-content\/uploads\/sites\/23\/2021\/07\/256-medailles-decernees-aux-participants-de-la-4-eme-edition-.jpg\"><img decoding=\"async\" loading=\"lazy\" class=\"alignnone size-full wp-image-381306\" src=\"https:\/\/linitiative.ca\/International\/wp-content\/uploads\/sites\/23\/2021\/07\/256-medailles-decernees-aux-participants-de-la-4-eme-edition-.jpg\" alt=\"\" width=\"746\" height=\"380\" srcset=\"\/\/aujourdhui.ma\/wp-content\/uploads\/2021\/07\/256-medailles-decernees-aux-participants-de-la-4-eme-edition-.jpg 746w, \/\/aujourdhui.ma\/wp-content\/uploads\/2021\/07\/256-medailles-decernees-aux-participants-de-la-4-eme-edition--300x153.jpg 300w, \/\/aujourdhui.ma\/wp-content\/uploads\/2021\/07\/256-medailles-decernees-aux-participants-de-la-4-eme-edition--274x140.jpg 274w, \/\/aujourdhui.ma\/wp-content\/uploads\/2021\/07\/256-medailles-decernees-aux-participants-de-la-4-eme-edition--165x84.jpg 165w, \/\/aujourdhui.ma\/wp-content\/uploads\/2021\/07\/256-medailles-decernees-aux-participants-de-la-4-eme-edition--702x358.jpg 702w\" sizes=\"auto, (max-width: 746px) 100vw, 746px\"><\/a><\/p>\n<p>Pour les r\u00e9compenser, <strong>6 prix d\u2019excellence<\/strong> ont \u00e9t\u00e9 d\u00e9cern\u00e9s. Ils concernent le <strong>m<\/strong><strong>iel de jujubier<\/strong> de la C<em>oop\u00e9rative<\/em> <em>Union des coop\u00e9ratives Apicole du Tadla Azilal<\/em> de la R\u00e9gion B\u00e9ni Mellal-Kh\u00e9nifra, l\u2019<strong>huile d\u2019Argane <\/strong>de la Coop\u00e9rative Amini de la R\u00e9gion Marrakech-Safi, le<strong> fromage tomme de ch\u00e8vre<\/strong> de la Coop\u00e9rative Ajbane Chefchaouen, R\u00e9gion Tanger-T\u00e9touan-Al Hoceima, les <strong>dattes Mejhoul<\/strong> de la Coop\u00e9rative Wahat Charradi, R\u00e9gion Dr\u00e2a-Tafilalet, le <strong>couscous d\u2019avoine<\/strong> de la Coop\u00e9rative Sanad et \u00a0l\u2019<strong>huile d\u2019olive <\/strong>de la Coop\u00e9rative Agricole Al Karama Fkih Ben Salah de la R\u00e9gion B\u00e9ni Mellal-Kh\u00e9nifra. Plus encore, <strong>256 m\u00e9dailles<\/strong> ont \u00e9t\u00e9 remises aux participants, dont 106 en or, 76 d\u2019argent et 78 de bronze et ce, pour diff\u00e9rents produits, en l\u2019occurrence les miels, l\u2019huile d\u2019olives, les olives, l\u2019Argane, les produits \u00e0 base de fruits et l\u00e9gumes, les couscous ou encore les dattes.<\/p>\n<p><a href=\"https:\/\/linitiative.ca\/International\/wp-content\/uploads\/sites\/23\/2021\/07\/256-medailles-decernees-aux-participants-de-la-4-eme-edition-s.jpg\"><img decoding=\"async\" loading=\"lazy\" class=\"alignnone size-full wp-image-381308\" src=\"https:\/\/linitiative.ca\/International\/wp-content\/uploads\/sites\/23\/2021\/07\/256-medailles-decernees-aux-participants-de-la-4-eme-edition-s.jpg\" alt=\"\" width=\"746\" height=\"380\" srcset=\"\/\/aujourdhui.ma\/wp-content\/uploads\/2021\/07\/256-medailles-decernees-aux-participants-de-la-4-eme-edition-s.jpg 746w, \/\/aujourdhui.ma\/wp-content\/uploads\/2021\/07\/256-medailles-decernees-aux-participants-de-la-4-eme-edition-s-300x153.jpg 300w, \/\/aujourdhui.ma\/wp-content\/uploads\/2021\/07\/256-medailles-decernees-aux-participants-de-la-4-eme-edition-s-274x140.jpg 274w, \/\/aujourdhui.ma\/wp-content\/uploads\/2021\/07\/256-medailles-decernees-aux-participants-de-la-4-eme-edition-s-165x84.jpg 165w, \/\/aujourdhui.ma\/wp-content\/uploads\/2021\/07\/256-medailles-decernees-aux-participants-de-la-4-eme-edition-s-702x358.jpg 702w\" sizes=\"auto, (max-width: 746px) 100vw, 746px\"><\/a><\/p>\n<p>Notons que le Concours Marocain des Produits du Terroir a \u00e9t\u00e9 cr\u00e9\u00e9 et lanc\u00e9 en 2014 \u00e0 l\u2019initiative de l\u2019Agence pour le D\u00e9veloppement Agricole pour en faire un outil important de soutien aux coop\u00e9ratives solidaires ainsi qu\u2019un stimulant pour renforcer l\u2019esprit de comp\u00e9titivit\u00e9 entre les petits producteurs des produits du terroir pour atteindre une offre qualitative r\u00e9pondant aux exigences d\u2019un march\u00e9 de plus en plus comp\u00e9titif \u00e0 l\u2019\u00e9chelle nationale et internationale.<\/p>\n<p>\u00a0<\/p>\n<p>\u00a0<\/p>\n<\/div>\n<p>Auteur: ALM<br \/>\n<a href=\"https:\/\/aujourdhui.ma\/societe\/concours-des-produits-de-terroir-256-medailles-decernees-aux-participants-de-la-4-eme-edition\">Cliquez ici pour lire l&rsquo;article depuis sa source.<\/a><\/p>\n","protected":false},"excerpt":{"rendered":"<p>L\u2019Agence pour le D\u00e9veloppement Agricole (ADA) a organis\u00e9 le 9 juillet \u00e0 Mekn\u00e8s la c\u00e9r\u00e9monie de remise des m\u00e9dailles de la quatri\u00e8me \u00e9dition du Concours Marocain des Produits du Terroir primant plusieurs coop\u00e9ratives et producteurs. \u00ab\u00a0Pr\u00e9sid\u00e9e par le Secr\u00e9taire G\u00e9n\u00e9ral du D\u00e9partement de l\u2019Agriculture, cette c\u00e9r\u00e9monie t\u00e9moigne de l\u2019appui ind\u00e9fectible du Minist\u00e8re de l\u2019Agriculture aux [&hellip;]<\/p>\n","protected":false},"author":1759,"featured_media":0,"comment_status":"closed","ping_status":"closed","sticky":false,"template":"","format":"standard","meta":{"fifu_image_url":"https:\/\/aujourdhui.ma\/wp-content\/uploads\/2021\/07\/256-medailles-decernees-aux-participants-de-la-4-eme-edition-c-300x153.jpg","fifu_image_alt":"Concours des produits de terroir\u00a0: 256 m\u00e9dailles d\u00e9cern\u00e9es aux participants de la 4 \u00e8me \u00e9dition \u00a0","footnotes":""},"categories":[73,54],"tags":[],"class_list":["post-120887","post","type-post","status-publish","format-standard","hentry","category-actualite","category-maroc"],"_links":{"self":[{"href":"https:\/\/linitiative.ca\/International\/wp-json\/wp\/v2\/posts\/120887","targetHints":{"allow":["GET"]}}],"collection":[{"href":"https:\/\/linitiative.ca\/International\/wp-json\/wp\/v2\/posts"}],"about":[{"href":"https:\/\/linitiative.ca\/International\/wp-json\/wp\/v2\/types\/post"}],"author":[{"embeddable":true,"href":"https:\/\/linitiative.ca\/International\/wp-json\/wp\/v2\/users\/1759"}],"replies":[{"embeddable":true,"href":"https:\/\/linitiative.ca\/International\/wp-json\/wp\/v2\/comments?post=120887"}],"version-history":[{"count":0,"href":"https:\/\/linitiative.ca\/International\/wp-json\/wp\/v2\/posts\/120887\/revisions"}],"wp:attachment":[{"href":"https:\/\/linitiative.ca\/International\/wp-json\/wp\/v2\/media?parent=120887"}],"wp:term":[{"taxonomy":"category","embeddable":true,"href":"https:\/\/linitiative.ca\/International\/wp-json\/wp\/v2\/categories?post=120887"},{"taxonomy":"post_tag","embeddable":true,"href":"https:\/\/linitiative.ca\/International\/wp-json\/wp\/v2\/tags?post=120887"}],"curies":[{"name":"wp","href":"https:\/\/api.w.org\/{rel}","templated":true}]}}