{"id":120897,"date":"2021-07-08T14:00:00","date_gmt":"2021-07-08T18:00:00","guid":{"rendered":"https:\/\/linitiative.ca\/International\/un-bilan-en-deca-des-attentes\/"},"modified":"2021-07-08T14:00:00","modified_gmt":"2021-07-08T18:00:00","slug":"un-bilan-en-deca-des-attentes","status":"publish","type":"post","link":"https:\/\/linitiative.ca\/International\/un-bilan-en-deca-des-attentes\/","title":{"rendered":"Un bilan en de\u00e7\u00e0 des attentes !"},"content":{"rendered":"<div>\n<p class=\"has-vivid-cyan-blue-color has-text-color\"><strong>Le chef de l\u2019ex\u00e9cutif vient de pr\u00e9senter le bilan de son mandat, sous la coupole de l\u2019h\u00e9micycle. Les parlementaires de la Nation ont auditionn\u00e9 son discours ainsi que les citoyens(nes), simultan\u00e9ment sur le petit \u00e9cran. Pas moins de deux heures d\u2019audition pour, non pas un r\u00e9quisitoire bien entendu, mais une jubilation b\u00e9ate. Devrait-il vanter un solde qui ne fait pas l\u2019unanimit\u00e9, au sein des franges sociales en qu\u00eate de vie bien meilleure\u00a0? En fait, on ne se permettra jamais de mettre en question la bonne foi qui habite au point de hanter l\u2018h\u00f4te de la primature, certes sans charisme mais avec le volontarisme de forcen\u00e9\u00a0! Il est bien vrai aussi que son investiture fut ballot\u00e9e au d\u00e9part, par un blocage de six mois pour d\u00e9boucher sur une majorit\u00e9 disparate dont la proue est partag\u00e9e entre deux t\u00eates.<\/strong><\/p>\n<p class=\"has-black-color has-text-color\">Amoindri par cette bipartition, le chef de file devrait affronter une \u00ab\u00a0r\u00e9sistance mont\u00e9e\u00a0\u00bb, au lendemain de l\u2019\u00e9ch\u00e9ancier et faire usage de la \u00ab\u00a0th\u00e9rapie\u00a0\u00bb psychique dont il s\u2019est longuement form\u00e9 pendant ses ann\u00e9es estudiantines, en direction de ses alli\u00e9s. De quel bilan est-il question si l\u2019on sait que la coh\u00e9sion faisait d\u00e9faut dans une ambiance plut\u00f4t confuse et disloqu\u00e9e\u00a0? Tout au long de ce parcours houleux, on a l\u2019air que le contingent gouvernemental est d\u00e9pourvu d\u2019audace politique afin de se positionner \u00e0 l\u2019avant-garde du d\u00e9bat public sur les grandes th\u00e9matiques de la Nation.<\/p>\n<p class=\"has-black-color has-text-color\">Chacun membre de l\u2019\u00e9quip\u00e9e se met \u00e0 pied d\u2019\u0153uvre pour mener \u00e0 bien sa mission, sans trop se demander ce qui se passe ailleurs. Cette dispersion attis\u00e9e, chemin faisant, par l\u2019antagonisme partisan conflictuel aura, en effet, des incidences f\u00e2cheuses sur la convertibilit\u00e9 attendue et, partant, de l\u2019efficience escompt\u00e9e. Rien de tout cela malheureusement\u00a0! Bien s\u00fbr, dans cette \u00e9preuve central solitaire, se r\u00e9percutent aussi les dissonances r\u00e9gionales o\u00f9 tel ou tel responsable issu du clan respectif, s\u2019ing\u00e9nie \u00e0 mettre sous la dent le revenu de l\u2019aubaine. Et puis, comme le malheur ne vient jamais seul, la crise vitale qui s\u2019abat sur le pays, \u00e0 l\u2019instar de tous les coins du monde, allait aggraver cette majorit\u00e9 disparate. En revanche, face \u00e0 cet affaiblissement exacerbant, on aura assist\u00e9, non sans soulagement \u00e0 un ETAT\u00a0 fort et performant, non seulement au niveau de la lutte contre la pand\u00e9mie, mais \u00e9galement dans le maintien de la vie \u00e9conomique et sociale du royaume, en d\u00e9pit des contraintes.<\/p>\n<p class=\"has-black-color has-text-color\">A l\u2019\u00e9chelon diplomatique, on aura aussi appr\u00e9ci\u00e9 non sans fiert\u00e9, la fermet\u00e9 des positions prises pour la sauvegarde de l\u2019int\u00e9grit\u00e9 territoriale, face aux agressions dont elle ne cesse de faire l\u2019objet. Sur le plan des grands travaux, le pays est soumis, de fond en comble \u00e0 des rythmes effr\u00e9n\u00e9s, des r\u00e9alisations tous azimuts, en termes d\u2019infrastructures, des projets de haut standings, des exploits en mati\u00e8re de protection sociale\u2026Le gouvernement, peut-il pr\u00e9tendre avoir concouru \u00e0 ces prouesses\u00a0? Avec les limites d\u2019un tel ex\u00e9cutif, en proie de lynchage de toutes parts, on serait loin de l\u2019affirmer\u00a0! \u00a0\u00a0\u00a0\u00a0\u00a0\u00a0\u00a0\u00a0\u00a0\u00a0\u00a0\u00a0\u00a0\u00a0\u00a0\u00a0\u00a0\u00a0\u00a0\u00a0\u00a0\u00a0\u00a0\u00a0\u00a0\u00a0\u00a0\u00a0\u00a0\u00a0\u00a0<\/p>\n<p>L\u2019article <a rel=\"nofollow\" href=\"http:\/\/albayane.press.ma\/un-bilan-en-deca-des-attentes.html\">Un bilan en de\u00e7\u00e0 des attentes !<\/a> est apparu en premier sur <a rel=\"nofollow\" href=\"http:\/\/albayane.press.ma\/\">ALBAYANE<\/a>.<\/p>\n<\/div>\n<p>Auteur: M&rsquo;hammed rahal<br \/>\n<a href=\"http:\/\/albayane.press.ma\/un-bilan-en-deca-des-attentes.html\">Cliquez ici pour lire l&rsquo;article depuis sa source.<\/a><\/p>\n","protected":false},"excerpt":{"rendered":"<p>Le chef de l\u2019ex\u00e9cutif vient de pr\u00e9senter le bilan de son mandat, sous la coupole de l\u2019h\u00e9micycle. Les parlementaires de la Nation ont auditionn\u00e9 son discours ainsi que les citoyens(nes), simultan\u00e9ment sur le petit \u00e9cran. Pas moins de deux heures d\u2019audition pour, non pas un r\u00e9quisitoire bien entendu, mais une jubilation b\u00e9ate. Devrait-il vanter un [&hellip;]<\/p>\n","protected":false},"author":1760,"featured_media":0,"comment_status":"closed","ping_status":"closed","sticky":false,"template":"","format":"standard","meta":{"fifu_image_url":"","fifu_image_alt":"","footnotes":""},"categories":[73,54],"tags":[],"class_list":["post-120897","post","type-post","status-publish","format-standard","hentry","category-actualite","category-maroc"],"_links":{"self":[{"href":"https:\/\/linitiative.ca\/International\/wp-json\/wp\/v2\/posts\/120897","targetHints":{"allow":["GET"]}}],"collection":[{"href":"https:\/\/linitiative.ca\/International\/wp-json\/wp\/v2\/posts"}],"about":[{"href":"https:\/\/linitiative.ca\/International\/wp-json\/wp\/v2\/types\/post"}],"author":[{"embeddable":true,"href":"https:\/\/linitiative.ca\/International\/wp-json\/wp\/v2\/users\/1760"}],"replies":[{"embeddable":true,"href":"https:\/\/linitiative.ca\/International\/wp-json\/wp\/v2\/comments?post=120897"}],"version-history":[{"count":0,"href":"https:\/\/linitiative.ca\/International\/wp-json\/wp\/v2\/posts\/120897\/revisions"}],"wp:attachment":[{"href":"https:\/\/linitiative.ca\/International\/wp-json\/wp\/v2\/media?parent=120897"}],"wp:term":[{"taxonomy":"category","embeddable":true,"href":"https:\/\/linitiative.ca\/International\/wp-json\/wp\/v2\/categories?post=120897"},{"taxonomy":"post_tag","embeddable":true,"href":"https:\/\/linitiative.ca\/International\/wp-json\/wp\/v2\/tags?post=120897"}],"curies":[{"name":"wp","href":"https:\/\/api.w.org\/{rel}","templated":true}]}}