{"id":120898,"date":"2021-07-08T14:00:00","date_gmt":"2021-07-08T18:00:00","guid":{"rendered":"https:\/\/linitiative.ca\/International\/la-presidence-du-ministere-public-recoit-la-coordinatrice-lapltp\/"},"modified":"2021-07-08T14:00:00","modified_gmt":"2021-07-08T18:00:00","slug":"la-presidence-du-ministere-public-recoit-la-coordinatrice-lapltp","status":"publish","type":"post","link":"https:\/\/linitiative.ca\/International\/la-presidence-du-ministere-public-recoit-la-coordinatrice-lapltp\/","title":{"rendered":"La pr\u00e9sidence du minist\u00e8re public re\u00e7oit la coordinatrice l\u2019APLTP"},"content":{"rendered":"<div>\n<p class=\"has-text-align-center has-vivid-cyan-blue-color has-text-color\"><strong>Traite de personnes<\/strong><\/p>\n<p class=\"has-black-color has-text-color\"><strong>Le procureur g\u00e9n\u00e9ral du Roi pr\u00e8s la Cour de cassation, pr\u00e9sident du minist\u00e8re public, El Hassan Daki, s\u2019est entretenu, jeudi \u00e0 Rabat, avec la coordonnatrice de l\u2019Agence pour la pr\u00e9vention et la lutte contre la traite des personnes (APLTP) de la RD Congo, C\u00e9cile R\u00e9beca Meta Kasanda, autour de la coop\u00e9ration bilat\u00e9rale dans ce domaine.<\/strong><\/p>\n<p class=\"has-black-color has-text-color\">Dans une d\u00e9claration \u00e0 la cha\u00eene de t\u00e9l\u00e9vision \u00ab\u00a0M24\u00a0\u00bb, M. Daki a indiqu\u00e9 que cette rencontre constitue une occasion pour \u00e9changer sur le r\u00f4le du minist\u00e8re public dans ces affaires et exposer l\u2019exp\u00e9rience institutionnelle et l\u00e9gislative marocaine dans la lutte contre ces pratiques.<\/p>\n<p class=\"has-black-color has-text-color\">Mme Meta Kasanda a, pour sa part, affirm\u00e9 que \u00ab\u00a0dans la lutte contre la traite des personnes, tout comme sa pr\u00e9vention, le minist\u00e8re public joue un r\u00f4le tr\u00e8s important pour d\u00e9manteler les r\u00e9seaux et mettre la main sur les trafiquants\u00a0\u00bb.<\/p>\n<p class=\"has-black-color has-text-color\">En tant qu\u2019organe de poursuite, le parquet est \u00e9galement appel\u00e9 \u00e0 \u00ab\u00a0aider les juridictions \u00e0 mieux qualifier les faits et proposer dans ses r\u00e9quisitoires des peines adapt\u00e9es\u00a0\u00bb, a-t-elle ajout\u00e9e.<\/p>\n<p class=\"has-black-color has-text-color\">Les \u00e9changes ont \u00e9galement port\u00e9 sur l\u2019exp\u00e9rience du Maroc sur le plan l\u00e9gislatif, la coordination entre les services et la conduite des enqu\u00eates dans les affaires relatives \u00e0 des actes criminels.<\/p>\n<p class=\"has-black-color has-text-color\">Cette rencontre s\u2019inscrit dans le cadre de la visite de plusieurs jours, au Maroc, de la coordonnatrice de l\u2019APLTP et de la d\u00e9l\u00e9gation l\u2019accompagnant, en vue de s\u2019informer sur l\u2019expertise nationale dans ce domaine.<\/p>\n<p class=\"has-black-color has-text-color\">La traite d\u2019\u00eatres humains est d\u00e9finie comme une forme de criminalit\u00e9 organis\u00e9e qui repr\u00e9sente des milliards de dollars et qui constitue l\u2019esclavage moderne. Les victimes font souvent l\u2019objet d\u2019une traite entre pays et entre r\u00e9gions apr\u00e8s usage de la tromperie ou de la coercition.<\/p>\n<p class=\"has-black-color has-text-color\">Le trafic des \u00eatres humains au carrefour d\u2019un grand nombre d\u2019actes criminels et d\u2019infractions, qui vont des mouvements illicites de fonds, les documents de voyage falsifi\u00e9s et la cybercriminalit\u00e9.<\/p>\n<p>L\u2019article <a rel=\"nofollow\" href=\"http:\/\/albayane.press.ma\/la-presidence-du-ministere-public-recoit-la-coordinatrice-lapltp.html\">La pr\u00e9sidence du minist\u00e8re public re\u00e7oit la coordinatrice l\u2019APLTP<\/a> est apparu en premier sur <a rel=\"nofollow\" href=\"http:\/\/albayane.press.ma\/\">ALBAYANE<\/a>.<\/p>\n<\/div>\n<p>Auteur: M&rsquo;hammed rahal<br \/>\n<a href=\"http:\/\/albayane.press.ma\/la-presidence-du-ministere-public-recoit-la-coordinatrice-lapltp.html\">Cliquez ici pour lire l&rsquo;article depuis sa source.<\/a><\/p>\n","protected":false},"excerpt":{"rendered":"<p>Traite de personnes Le procureur g\u00e9n\u00e9ral du Roi pr\u00e8s la Cour de cassation, pr\u00e9sident du minist\u00e8re public, El Hassan Daki, s\u2019est entretenu, jeudi \u00e0 Rabat, avec la coordonnatrice de l\u2019Agence pour la pr\u00e9vention et la lutte contre la traite des personnes (APLTP) de la RD Congo, C\u00e9cile R\u00e9beca Meta Kasanda, autour de la coop\u00e9ration bilat\u00e9rale [&hellip;]<\/p>\n","protected":false},"author":1760,"featured_media":0,"comment_status":"closed","ping_status":"closed","sticky":false,"template":"","format":"standard","meta":{"fifu_image_url":"","fifu_image_alt":"","footnotes":""},"categories":[73,54],"tags":[],"class_list":["post-120898","post","type-post","status-publish","format-standard","hentry","category-actualite","category-maroc"],"_links":{"self":[{"href":"https:\/\/linitiative.ca\/International\/wp-json\/wp\/v2\/posts\/120898","targetHints":{"allow":["GET"]}}],"collection":[{"href":"https:\/\/linitiative.ca\/International\/wp-json\/wp\/v2\/posts"}],"about":[{"href":"https:\/\/linitiative.ca\/International\/wp-json\/wp\/v2\/types\/post"}],"author":[{"embeddable":true,"href":"https:\/\/linitiative.ca\/International\/wp-json\/wp\/v2\/users\/1760"}],"replies":[{"embeddable":true,"href":"https:\/\/linitiative.ca\/International\/wp-json\/wp\/v2\/comments?post=120898"}],"version-history":[{"count":0,"href":"https:\/\/linitiative.ca\/International\/wp-json\/wp\/v2\/posts\/120898\/revisions"}],"wp:attachment":[{"href":"https:\/\/linitiative.ca\/International\/wp-json\/wp\/v2\/media?parent=120898"}],"wp:term":[{"taxonomy":"category","embeddable":true,"href":"https:\/\/linitiative.ca\/International\/wp-json\/wp\/v2\/categories?post=120898"},{"taxonomy":"post_tag","embeddable":true,"href":"https:\/\/linitiative.ca\/International\/wp-json\/wp\/v2\/tags?post=120898"}],"curies":[{"name":"wp","href":"https:\/\/api.w.org\/{rel}","templated":true}]}}