{"id":120905,"date":"2021-07-08T16:54:06","date_gmt":"2021-07-08T20:54:06","guid":{"rendered":"https:\/\/linitiative.ca\/International\/formation-du-personnel-paramedical-akdital-et-lum6p-sallient\/"},"modified":"2021-07-08T16:54:06","modified_gmt":"2021-07-08T20:54:06","slug":"formation-du-personnel-paramedical-akdital-et-lum6p-sallient","status":"publish","type":"post","link":"https:\/\/linitiative.ca\/International\/formation-du-personnel-paramedical-akdital-et-lum6p-sallient\/","title":{"rendered":"Formation du personnel param\u00e9dical: AKDITAL et l\u2019UM6P s\u2019allient"},"content":{"rendered":"<div>\n<div style=\"margin-bottom:20px;\"><img loading=\"lazy\" decoding=\"async\" width=\"750\" height=\"430\" src=\"https:\/\/linitiative.ca\/International\/wp-content\/uploads\/sites\/23\/2021\/07\/AKDITAL-x-UM6P-504x300-1.jpg\" class=\"attachment-post-thumbnail size-post-thumbnail wp-post-image\" alt=\"\" srcset=\"https:\/\/linitiative.ca\/International\/wp-content\/uploads\/sites\/23\/2021\/07\/AKDITAL-x-UM6P-504x300-1.jpg 750w, http:\/\/www.mapmarrakech.ma\/map\/uploads\/2021\/07\/AKDITAL-x-UM6P-504x300-300x172.jpg 300w\" sizes=\"auto, (max-width: 750px) 100vw, 750px\"><\/div>\n<p>En parall\u00e8le, AKDITAL lance la formation continue au sein de ses \u00e9tablissements de sant\u00e9 afin d\u2019am\u00e9liorer les qualit\u00e9s et les comp\u00e9tences manag\u00e9riales de ses \u00e9quipes, indiquent le Groupe et l\u2019UM6P dans un communiqu\u00e9 conjoint.<\/p>\n<p>\u00ab\u00a0Dans le cadre de sa strat\u00e9gie de recrutement, l\u2019acteur num\u00e9ro 1 de la sant\u00e9 priv\u00e9e au Maroc met en place un programme de formation acc\u00e9l\u00e9r\u00e9e. Son choix s\u2019est port\u00e9 sur l\u2019UM6P, une des meilleures universit\u00e9s d\u2019Afrique. L\u2019objectif est de faire b\u00e9n\u00e9ficier les recrues d\u2019une formation d\u2019excellence et de savoir-faire afin de cr\u00e9er des \u00e9quipes expertes et professionnelles capables de prodiguer des soins de qualit\u00e9\u00a0\u00bb, pr\u00e9cise la m\u00eame source.<\/p>\n<p>La formation continue sera \u00e9galement au c\u0153ur de cette convention avec pour objectif de maintenir un fort degr\u00e9 de performance et d\u2019apprentissage au sein du Groupe AKDITAL.<\/p>\n<p>Ce partenariat entre les deux parties sera port\u00e9 par l\u2019Institut Sup\u00e9rieur des Sciences Biologiques et Param\u00e9dicales (ISSBP) de l\u2019UM6P, dont la vision s\u2019inscrit dans la lign\u00e9e des m\u00e9thodes innovantes d\u2019enseignement de l\u2019Universit\u00e9, indique le communiqu\u00e9, notant que les formations octroy\u00e9es s\u2019articulent autour de l\u2019innovation, de l\u2019apprentissage par la pratique, de l\u2019accompagnement individualis\u00e9, et de la simulation clinique.<\/p>\n<p>\u00ab\u00a0Cette approche, plus concr\u00e8tement, repose sur le triptyque \u00ab\u00a0Comprendre, transf\u00e9rer, agir: Comprendre les besoins des apprenants, transf\u00e9rer les savoir-faire de l\u2019UM6P et de l\u2019institut au profit des collaborateurs d\u2019AKDITAL afin que ceux-ci sachent agir en situation\u00a0\u00bb, expliquent les deux parties.<\/p>\n<p>Un tel partenariat permet \u00e0 AKTIDAL de d\u00e9velopper son expertise, de perfectionner les comp\u00e9tences de ses collaborateurs. Un personnel form\u00e9 aux meilleurs standards internationaux sera \u00e0 m\u00eame d\u2019offrir des soins de qualit\u00e9 pour une meilleure prise en charge globale.<\/p>\n<p>\u00ab\u00a0AKDITAL et l\u2019UM6P, \u00e0 travers cette collaboration, pr\u00f4nent l\u2019excellence au service de la sant\u00e9 des citoyens\u00a0\u00bb, conclut le communiqu\u00e9.<\/p>\n<p>The post <a rel=\"nofollow\" href=\"http:\/\/www.mapmarrakech.ma\/fr\/formation-du-personnel-paramedical-akdital-et-lum6p-sallient\/\">Formation du personnel param\u00e9dical: AKDITAL et l\u2019UM6P s\u2019allient<\/a> appeared first on <a rel=\"nofollow\" href=\"http:\/\/www.mapmarrakech.ma\/fr\">MapMarrakech<\/a>.<\/p>\n<\/div>\n<p>Auteur: Meriem IGASS<br \/>\n<a href=\"http:\/\/www.mapmarrakech.ma\/fr\/formation-du-personnel-paramedical-akdital-et-lum6p-sallient\/\">Cliquez ici pour lire l&rsquo;article depuis sa source.<\/a><\/p>\n","protected":false},"excerpt":{"rendered":"<p>En parall\u00e8le, AKDITAL lance la formation continue au sein de ses \u00e9tablissements de sant\u00e9 afin d\u2019am\u00e9liorer les qualit\u00e9s et les comp\u00e9tences manag\u00e9riales de ses \u00e9quipes, indiquent le Groupe et l\u2019UM6P dans un communiqu\u00e9 conjoint. \u00ab\u00a0Dans le cadre de sa strat\u00e9gie de recrutement, l\u2019acteur num\u00e9ro 1 de la sant\u00e9 priv\u00e9e au Maroc met en place un [&hellip;]<\/p>\n","protected":false},"author":1788,"featured_media":0,"comment_status":"closed","ping_status":"closed","sticky":false,"template":"","format":"standard","meta":{"fifu_image_url":"http:\/\/www.mapmarrakech.ma\/map\/uploads\/2021\/07\/AKDITAL-x-UM6P-504x300.jpg","fifu_image_alt":"Formation du personnel param\u00e9dical: AKDITAL et l\u2019UM6P s\u2019allient","footnotes":""},"categories":[54,76],"tags":[],"class_list":["post-120905","post","type-post","status-publish","format-standard","hentry","category-maroc","category-regions"],"_links":{"self":[{"href":"https:\/\/linitiative.ca\/International\/wp-json\/wp\/v2\/posts\/120905","targetHints":{"allow":["GET"]}}],"collection":[{"href":"https:\/\/linitiative.ca\/International\/wp-json\/wp\/v2\/posts"}],"about":[{"href":"https:\/\/linitiative.ca\/International\/wp-json\/wp\/v2\/types\/post"}],"author":[{"embeddable":true,"href":"https:\/\/linitiative.ca\/International\/wp-json\/wp\/v2\/users\/1788"}],"replies":[{"embeddable":true,"href":"https:\/\/linitiative.ca\/International\/wp-json\/wp\/v2\/comments?post=120905"}],"version-history":[{"count":0,"href":"https:\/\/linitiative.ca\/International\/wp-json\/wp\/v2\/posts\/120905\/revisions"}],"wp:attachment":[{"href":"https:\/\/linitiative.ca\/International\/wp-json\/wp\/v2\/media?parent=120905"}],"wp:term":[{"taxonomy":"category","embeddable":true,"href":"https:\/\/linitiative.ca\/International\/wp-json\/wp\/v2\/categories?post=120905"},{"taxonomy":"post_tag","embeddable":true,"href":"https:\/\/linitiative.ca\/International\/wp-json\/wp\/v2\/tags?post=120905"}],"curies":[{"name":"wp","href":"https:\/\/api.w.org\/{rel}","templated":true}]}}