{"id":120907,"date":"2021-07-09T07:36:45","date_gmt":"2021-07-09T11:36:45","guid":{"rendered":"https:\/\/linitiative.ca\/International\/necessite-de-retablir-la-confiance-du-citoyen-en-laction-politique\/"},"modified":"2021-07-09T07:36:45","modified_gmt":"2021-07-09T11:36:45","slug":"necessite-de-retablir-la-confiance-du-citoyen-en-laction-politique","status":"publish","type":"post","link":"https:\/\/linitiative.ca\/International\/necessite-de-retablir-la-confiance-du-citoyen-en-laction-politique\/","title":{"rendered":"N\u00e9cessit\u00e9 de r\u00e9tablir la confiance du citoyen en l\u2019action politique"},"content":{"rendered":"<div>\n<div style=\"margin-bottom:20px;\"><img loading=\"lazy\" decoding=\"async\" width=\"750\" height=\"430\" src=\"https:\/\/linitiative.ca\/International\/wp-content\/uploads\/sites\/23\/2021\/07\/Abdessamad-Archane.jpg\" class=\"attachment-post-thumbnail size-post-thumbnail wp-post-image\" alt=\"\" srcset=\"https:\/\/linitiative.ca\/International\/wp-content\/uploads\/sites\/23\/2021\/07\/Abdessamad-Archane.jpg 750w, http:\/\/www.mapmarrakech.ma\/map\/uploads\/2021\/07\/Abdessamad-Archane-300x172.jpg 300w\" sizes=\"auto, (max-width: 750px) 100vw, 750px\"><\/div>\n<p>Intervenant lors d\u2019une r\u00e9union des coordinateurs du parti au niveau de la r\u00e9gion Marrakech-Safi, M. Archane a indiqu\u00e9 que les surench\u00e8res entre formations politiques ne servent qu\u2019\u00e0 susciter la d\u00e9saffection des citoyens \u00e0 l\u2019\u00e9gard de l\u2019action politique, notant que le MDS aspire \u00e0 \u00eatre toujours pr\u00e9sent et \u00e0 jouer pleinement son r\u00f4le dans le paysage politique.<\/p>\n<p>Le SG du MDS a exprim\u00e9 son espoir de voir sa formation r\u00e9aliser des r\u00e9sultats honorables qui soient \u00e0 la hauteur des aspirations lors des prochaines \u00e9ch\u00e9ances, expliquant que l\u2019objectif ultime du parti est de servir les int\u00e9r\u00eats supr\u00eames du Royaume.<\/p>\n<p>Il a estim\u00e9 difficile pour les partis politiques de mener leurs campagnes \u00e9lectorales pour les prochaines \u00e9ch\u00e9ances dans le contexte de la pand\u00e9mie de la Covid-19, car le citoyen a \u00e9t\u00e9 s\u00e9rieusement affect\u00e9 au cours des deux derni\u00e8res ann\u00e9es.<\/p>\n<p>Et d\u2019encha\u00eener que le discours franc qui touche aux probl\u00e8mes r\u00e9els du citoyen est susceptible de redonner \u00e0 ce dernier confiance en l\u2019action politique, faisant constater qu\u2019apr\u00e8s la pand\u00e9mie de la Covid-19, le programme de son parti sera ax\u00e9 sur le volet social et les moyens \u00e0 m\u00eame d\u2019am\u00e9liorer les conditions de vie de la population.<\/p>\n<p>Evoquant les prochaines \u00e9lections, M. Archane a soulign\u00e9 que ces \u00e9ch\u00e9ances doivent \u00eatre empreintes d\u2019un haut degr\u00e9 de responsabilit\u00e9, de comp\u00e9tition honn\u00eate et loyale et du respect des concurrents, appelant les coordinateurs r\u00e9gionaux \u00e0 choisir des candidats qui soient \u00e0 la hauteur de cette responsabilit\u00e9.<\/p>\n<p>Il a, d\u2019autre part, fait remarquer qu\u2019\u00e0 travers l\u2019accompagnement des r\u00e9alisations majeures engrang\u00e9es par le Maroc, notamment en termes d\u2019am\u00e9lioration de la situation sociale, le Royaume aura r\u00e9ussi son projet de d\u00e9veloppement socio-\u00e9conomique, notant que le Royaume a su s\u2019imposer comme une destination privil\u00e9gi\u00e9e pour les investisseurs \u00e9trangers.<\/p>\n<p>S\u2019agissant de la question de l\u2019int\u00e9grit\u00e9 territoriale du Royaume, le SG du MDS a mis en avant la perc\u00e9e diplomatique et les acquis r\u00e9alis\u00e9s dans ce dossier par le Maroc qui a su convaincre plusieurs pays de retirer leur reconnaissance de la fantomatique \u00ab\u00a0rasd\u00a0\u00bb et ce, gr\u00e2ce \u00e0 la politique africaine sage de Sa Majest\u00e9 le Roi Mohammed VI.<\/p>\n<p>Pour sa part, la coordinatrice du comit\u00e9 du parti charg\u00e9 des \u00e9lections des femmes, Mme Akhdijatna Mae El Ainine, a mis en exergue l\u2019int\u00e9r\u00eat accord\u00e9 par le MDS \u00e0 la gente f\u00e9minine et aux jeunes en tant que porte-\u00e9tendards du pr\u00e9sent et de l\u2019avenir du Royaume, soulignant que le d\u00e9veloppement de la soci\u00e9t\u00e9 et la consolidation de la d\u00e9mocratie restent tributaires de l\u2019association des femmes et des jeunes \u00e0 la prise de d\u00e9cisions, notamment dans les sph\u00e8res politiques.<\/p>\n<p>De leur c\u00f4t\u00e9, les diff\u00e9rents intervenants ont mis l\u2019accent sur l\u2019importance de la participation massive des citoyens aux prochaines \u00e9lections, estimant que le changement peut \u00eatre positif en cas de participation des jeunes qui repr\u00e9sentent la moiti\u00e9 de la soci\u00e9t\u00e9.<\/p>\n<p>Ils ont, dans ce sillage, relev\u00e9 que le MDS \u0153uvre \u00e0 accorder la priorit\u00e9 aux jeunes et aux femmes pour les inciter \u00e0 participer aux prochaines \u00e9ch\u00e9ances \u00e9lectorales, se f\u00e9licitant des r\u00e9alisations majeures et des victoires diplomatiques accumul\u00e9es par le Royaume dans le dossier de la cause nationale, comme en t\u00e9moignent la reconnaissance par de nombreux pays de la Marocanit\u00e9 du Sahara et l\u2019ouverture de plusieurs consulats \u00e0 La\u00e2youne et \u00e0 Dakhla.<\/p>\n<p>The post <a rel=\"nofollow\" href=\"http:\/\/www.mapmarrakech.ma\/fr\/il-est-temps-de-retablir-la-confiance-du-citoyen-en-laction-politique\/\">N\u00e9cessit\u00e9 de r\u00e9tablir la confiance du citoyen en l\u2019action politique<\/a> appeared first on <a rel=\"nofollow\" href=\"http:\/\/www.mapmarrakech.ma\/fr\">MapMarrakech<\/a>.<\/p>\n<\/div>\n<p>Auteur: Meriem IGASS<br \/>\n<a href=\"http:\/\/www.mapmarrakech.ma\/fr\/il-est-temps-de-retablir-la-confiance-du-citoyen-en-laction-politique\/\">Cliquez ici pour lire l&rsquo;article depuis sa source.<\/a><\/p>\n","protected":false},"excerpt":{"rendered":"<p>Intervenant lors d\u2019une r\u00e9union des coordinateurs du parti au niveau de la r\u00e9gion Marrakech-Safi, M. Archane a indiqu\u00e9 que les surench\u00e8res entre formations politiques ne servent qu\u2019\u00e0 susciter la d\u00e9saffection des citoyens \u00e0 l\u2019\u00e9gard de l\u2019action politique, notant que le MDS aspire \u00e0 \u00eatre toujours pr\u00e9sent et \u00e0 jouer pleinement son r\u00f4le dans le paysage [&hellip;]<\/p>\n","protected":false},"author":1788,"featured_media":0,"comment_status":"closed","ping_status":"closed","sticky":false,"template":"","format":"standard","meta":{"fifu_image_url":"http:\/\/www.mapmarrakech.ma\/map\/uploads\/2021\/07\/Abdessamad-Archane.jpg","fifu_image_alt":"N\u00e9cessit\u00e9 de r\u00e9tablir la confiance du citoyen en l\u2019action politique","footnotes":""},"categories":[54,76],"tags":[],"class_list":["post-120907","post","type-post","status-publish","format-standard","hentry","category-maroc","category-regions"],"_links":{"self":[{"href":"https:\/\/linitiative.ca\/International\/wp-json\/wp\/v2\/posts\/120907","targetHints":{"allow":["GET"]}}],"collection":[{"href":"https:\/\/linitiative.ca\/International\/wp-json\/wp\/v2\/posts"}],"about":[{"href":"https:\/\/linitiative.ca\/International\/wp-json\/wp\/v2\/types\/post"}],"author":[{"embeddable":true,"href":"https:\/\/linitiative.ca\/International\/wp-json\/wp\/v2\/users\/1788"}],"replies":[{"embeddable":true,"href":"https:\/\/linitiative.ca\/International\/wp-json\/wp\/v2\/comments?post=120907"}],"version-history":[{"count":0,"href":"https:\/\/linitiative.ca\/International\/wp-json\/wp\/v2\/posts\/120907\/revisions"}],"wp:attachment":[{"href":"https:\/\/linitiative.ca\/International\/wp-json\/wp\/v2\/media?parent=120907"}],"wp:term":[{"taxonomy":"category","embeddable":true,"href":"https:\/\/linitiative.ca\/International\/wp-json\/wp\/v2\/categories?post=120907"},{"taxonomy":"post_tag","embeddable":true,"href":"https:\/\/linitiative.ca\/International\/wp-json\/wp\/v2\/tags?post=120907"}],"curies":[{"name":"wp","href":"https:\/\/api.w.org\/{rel}","templated":true}]}}