{"id":120911,"date":"2021-07-09T10:04:56","date_gmt":"2021-07-09T14:04:56","guid":{"rendered":"https:\/\/linitiative.ca\/International\/prison-loudaya-inauguration-dune-unite-regionale-dhemodialyse\/"},"modified":"2021-07-09T10:04:56","modified_gmt":"2021-07-09T14:04:56","slug":"prison-loudaya-inauguration-dune-unite-regionale-dhemodialyse","status":"publish","type":"post","link":"https:\/\/linitiative.ca\/International\/prison-loudaya-inauguration-dune-unite-regionale-dhemodialyse\/","title":{"rendered":"Prison Loudaya: Inauguration d\u2019une unit\u00e9 r\u00e9gionale d\u2019h\u00e9modialyse"},"content":{"rendered":"<div>\n<div style=\"margin-bottom:20px;\"><img loading=\"lazy\" decoding=\"async\" width=\"750\" height=\"430\" src=\"https:\/\/linitiative.ca\/International\/wp-content\/uploads\/sites\/23\/2021\/07\/inauguration-copier.jpg\" class=\"attachment-post-thumbnail size-post-thumbnail wp-post-image\" alt=\"\" srcset=\"https:\/\/linitiative.ca\/International\/wp-content\/uploads\/sites\/23\/2021\/07\/inauguration-copier.jpg 750w, http:\/\/www.mapmarrakech.ma\/map\/uploads\/2021\/07\/inauguration-copier-300x172.jpg 300w\" sizes=\"auto, (max-width: 750px) 100vw, 750px\"><\/div>\n<p>Cette unit\u00e9 r\u00e9gionale, la 4\u00e8 du genre au niveau national,\u00a0est le fruit de la mise en \u0153uvre d\u2019une convention de partenariat sign\u00e9e en mars 2019, entre le minist\u00e8re de la Sant\u00e9, l\u2019Initiative Nationale pour le D\u00e9veloppement Humain (INDH), la D\u00e9l\u00e9gation G\u00e9n\u00e9rale \u00e0 l\u2019Administration P\u00e9nitentiaire et \u00e0 la R\u00e9insertion (DGAPR), la Fondation Mohammed VI pour la r\u00e9insertion des d\u00e9tenus, ainsi que la Fondation Amal pour l\u2019h\u00e9modialyse et \u0153uvres sociales, portant sur la cr\u00e9ation de 5 unit\u00e9s d\u2019h\u00e9modialyse au sein des \u00e9tablissements p\u00e9nitentiaires \u00e0 l\u2019\u00e9chelle du Royaume.<\/p>\n<p>La c\u00e9r\u00e9monie d\u2019inauguration de cette unit\u00e9 a \u00e9t\u00e9 rehauss\u00e9e par la pr\u00e9sence notamment, du D\u00e9l\u00e9gu\u00e9 G\u00e9n\u00e9ral \u00e0 l\u2019administration p\u00e9nitentiaire et \u00e0 la r\u00e9insertion, M. Mohamed Salah Tamek, le wali de la r\u00e9gion Marrakech-Safi, M. Karim Kassi-Lahlou, le Coordonnateur de la Fondation Mohammed VI pour la r\u00e9insertion des d\u00e9tenus, M.Abdelouahed Jamali Idrissi, la directrice r\u00e9gionale de la sant\u00e9, le d\u00e9l\u00e9gu\u00e9 provincial de la sant\u00e9, des responsables judiciaires et s\u00e9curitaires, ainsi que des acteurs de la soci\u00e9t\u00e9 civile.<\/p>\n<p>Dans une d\u00e9claration \u00e0 la presse \u00e0 cette occasion, le chef de la Division des soins de sant\u00e9 au sein de la DGAPR, M.Taoufiq Abtal, a tenu \u00e0 rappeler que ladite convention vise \u00e0 faciliter l\u2019acc\u00e8s \u00e0 l\u2019h\u00e9modialyse, pour les d\u00e9tenus souffrant d\u2019insuffisance r\u00e9nale.<\/p>\n<p>Il s\u2019agit aussi de garantir \u00e0 cette cat\u00e9gorie sociale la possibilit\u00e9 de b\u00e9n\u00e9ficier de soins d\u2019h\u00e9modialyse m\u00eame apr\u00e8s le recouvrement de la libert\u00e9 apr\u00e8s avoir purg\u00e9 une peine, a-t-il expliqu\u00e9, faisant savoir qu\u2019il s\u2019agit d\u2019une op\u00e9ration g\u00e9r\u00e9e par la Fondation Mohammed VI pour la r\u00e9insertion des d\u00e9tenus, en coordination avec la DGAPR, le minist\u00e8re de la Sant\u00e9 et la Fondation Amal pour l\u2019h\u00e9modialyse et \u0153uvres sociales.<\/p>\n<p>L\u2019inauguration de cette unit\u00e9 d\u2019h\u00e9modialyse intervient dans le cadre de la mise en \u0153uvre des Hautes Orientations Royales visant \u00e0 promouvoir la situation sociale et sanitaire de la population carc\u00e9rale, a-t-il encha\u00efn\u00e9.<\/p>\n<p>Dans des d\u00e9clarations \u00e0 la MAP, des d\u00e9tenus souffrant d\u2019insuffisance r\u00e9nale, se sont f\u00e9licit\u00e9s de l\u2019inauguration de cette unit\u00e9 d\u2019h\u00e9modialyse au sein de ce complexe p\u00e9nitentiaire, relevant que cette initiative est de nature \u00e0 all\u00e9ger leurs souffrances et \u00e0 leur \u00e9viter des d\u00e9placements aux centres d\u2019h\u00e9modialyse de Marrakech.<\/p>\n<p>Cette unit\u00e9, rappelle-t-on, est la quatri\u00e8me du genre apr\u00e8s celles inaugur\u00e9es au seins des \u00e9tablissements p\u00e9nitentiaires de Beni-Mellal, de Nador, et d\u2019Ait Melloul 2 \u00e0 Agadir, en attendant l\u2019inauguration prochaine, de la 5\u00e8 unit\u00e9 \u00e0 la prison locale Ras El Ma \u00e0 F\u00e8s.<\/p>\n<p>The post <a rel=\"nofollow\" href=\"http:\/\/www.mapmarrakech.ma\/fr\/prison-loudaya-inauguration-dune-unite-regionale-dhemodialyse\/\">Prison Loudaya: Inauguration d\u2019une unit\u00e9 r\u00e9gionale d\u2019h\u00e9modialyse<\/a> appeared first on <a rel=\"nofollow\" href=\"http:\/\/www.mapmarrakech.ma\/fr\">MapMarrakech<\/a>.<\/p>\n<\/div>\n<p>Auteur: Meriem IGASS<br \/>\n<a href=\"http:\/\/www.mapmarrakech.ma\/fr\/prison-loudaya-inauguration-dune-unite-regionale-dhemodialyse\/\">Cliquez ici pour lire l&rsquo;article depuis sa source.<\/a><\/p>\n","protected":false},"excerpt":{"rendered":"<p>Cette unit\u00e9 r\u00e9gionale, la 4\u00e8 du genre au niveau national,\u00a0est le fruit de la mise en \u0153uvre d\u2019une convention de partenariat sign\u00e9e en mars 2019, entre le minist\u00e8re de la Sant\u00e9, l\u2019Initiative Nationale pour le D\u00e9veloppement Humain (INDH), la D\u00e9l\u00e9gation G\u00e9n\u00e9rale \u00e0 l\u2019Administration P\u00e9nitentiaire et \u00e0 la R\u00e9insertion (DGAPR), la Fondation Mohammed VI pour la [&hellip;]<\/p>\n","protected":false},"author":1788,"featured_media":0,"comment_status":"closed","ping_status":"closed","sticky":false,"template":"","format":"standard","meta":{"fifu_image_url":"http:\/\/www.mapmarrakech.ma\/map\/uploads\/2021\/07\/inauguration-copier.jpg","fifu_image_alt":"Prison Loudaya: Inauguration d\u2019une unit\u00e9 r\u00e9gionale d\u2019h\u00e9modialyse","footnotes":""},"categories":[54,76],"tags":[],"class_list":["post-120911","post","type-post","status-publish","format-standard","hentry","category-maroc","category-regions"],"_links":{"self":[{"href":"https:\/\/linitiative.ca\/International\/wp-json\/wp\/v2\/posts\/120911","targetHints":{"allow":["GET"]}}],"collection":[{"href":"https:\/\/linitiative.ca\/International\/wp-json\/wp\/v2\/posts"}],"about":[{"href":"https:\/\/linitiative.ca\/International\/wp-json\/wp\/v2\/types\/post"}],"author":[{"embeddable":true,"href":"https:\/\/linitiative.ca\/International\/wp-json\/wp\/v2\/users\/1788"}],"replies":[{"embeddable":true,"href":"https:\/\/linitiative.ca\/International\/wp-json\/wp\/v2\/comments?post=120911"}],"version-history":[{"count":0,"href":"https:\/\/linitiative.ca\/International\/wp-json\/wp\/v2\/posts\/120911\/revisions"}],"wp:attachment":[{"href":"https:\/\/linitiative.ca\/International\/wp-json\/wp\/v2\/media?parent=120911"}],"wp:term":[{"taxonomy":"category","embeddable":true,"href":"https:\/\/linitiative.ca\/International\/wp-json\/wp\/v2\/categories?post=120911"},{"taxonomy":"post_tag","embeddable":true,"href":"https:\/\/linitiative.ca\/International\/wp-json\/wp\/v2\/tags?post=120911"}],"curies":[{"name":"wp","href":"https:\/\/api.w.org\/{rel}","templated":true}]}}